{"id":19204,"date":"2024-04-28T19:32:30","date_gmt":"2024-04-28T22:32:30","guid":{"rendered":"https:\/\/dgospel.com.br\/portal\/?p=19204"},"modified":"2024-04-28T19:32:31","modified_gmt":"2024-04-28T22:32:31","slug":"igrejas-sao-fechadas-na-argelia","status":"publish","type":"post","link":"https:\/\/dgospel.com.br\/portal\/index.php\/2024\/04\/28\/igrejas-sao-fechadas-na-argelia\/","title":{"rendered":"Igrejas s\u00e3o fechadas na Arg\u00e9lia"},"content":{"rendered":"\n<p>A lei n\u00ba 06-03, que estabelece condi\u00e7\u00f5es e regras para a pr\u00e1tica de religi\u00f5es n\u00e3o mu\u00e7ulmanas foi homologada na&nbsp;<a href=\"https:\/\/portasabertas.org.br\/lista-mundial-da-perseguicao\/argelia\">Arg\u00e9lia<\/a>&nbsp;em 2006. De l\u00e1 para c\u00e1, ao menos 45 igrejas da Associa\u00e7\u00e3o de Igrejas Protestantes da Arg\u00e9lia (EPA, da sigla em ingl\u00eas) foram afetadas pela legisla\u00e7\u00e3o. No dia 9 de mar\u00e7o, aconteceu o fechamento de igreja mais recente, localizada em um vilarejo em Alto de Kabylie, na regi\u00e3o do Sahel.<\/p>\n\n\n\n<p>Os crist\u00e3os participavam em um culto na ocasi\u00e3o, quando agentes argelinos apareceram e obrigaram a lideran\u00e7a a encerrar as atividades semanais da igreja. Al\u00e9m dos templos, a press\u00e3o tamb\u00e9m&nbsp;<a href=\"https:\/\/portasabertas.org.br\/noticias\/cristaos-perseguidos\/lider-cristao-e-preso-e-multado-na-argelia\">afeta aos l\u00edderes crist\u00e3os<\/a>. O vice-presidente da EPA, pastor Youssef Ourahmane, por exemplo, est\u00e1 no segundo apelo \u00e0 Corte por uma condena\u00e7\u00e3o arbitr\u00e1ria.<\/p>\n\n\n\n<p>Ele \u00e9 respons\u00e1vel pela supervis\u00e3o de muitas congrega\u00e7\u00f5es e ministra treinamentos b\u00edblicos em diversas partes do pa\u00eds. A princ\u00edpio, ele foi condenado por revelia (falta de defesa) e sentenciado a dois anos de pris\u00e3o e uma multa de 100 mil dinares argelinos. Ele recebeu a notifica\u00e7\u00e3o em meados de setembro de 2023.<\/p>\n\n\n\n<p>Em novembro do ano passado, em uma audi\u00eancia agendada, ele recebeu o resultado do veredito que reafirmava a condena\u00e7\u00e3o. No entanto, um ano da senten\u00e7a de pris\u00e3o havia sido subtra\u00eddo. Ele ent\u00e3o apelou para uma inst\u00e2ncia superior, agendada para 26 de mar\u00e7o e, em sequ\u00eancia, adiada para o dia 23 de abril.<\/p>\n\n\n\n<p>A a\u00e7\u00e3o legal faz parte de uma campanha contra igrejas e l\u00edderes crist\u00e3os que come\u00e7ou em 2017. A situa\u00e7\u00e3o evidencia os desafios que os crist\u00e3os enfrentam na Arg\u00e9lia, com in\u00fameros casos de acusa\u00e7\u00e3o na Corte.<\/p>\n\n\n\n<p><em>Com informa\u00e7\u00f5es: Portas Abertas (28.04.24)<\/em><\/p>\n","protected":false},"excerpt":{"rendered":"<p>A lei n\u00ba 06-03, que estabelece condi\u00e7\u00f5es e regras para a pr\u00e1tica de religi\u00f5es n\u00e3o mu\u00e7ulmanas foi homologada na&nbsp;Arg\u00e9lia&nbsp;em 2006. De l\u00e1 para c\u00e1, ao menos 45 igrejas da Associa\u00e7\u00e3o de Igrejas Protestantes da Arg\u00e9lia (EPA, da sigla em ingl\u00eas) foram afetadas pela legisla\u00e7\u00e3o. No dia 9 de mar\u00e7o, aconteceu o fechamento de igreja mais [&hellip;]<\/p>\n","protected":false},"author":2,"featured_media":19205,"comment_status":"open","ping_status":"open","sticky":false,"template":"","format":"standard","meta":[],"categories":[12,16],"tags":[],"_links":{"self":[{"href":"https:\/\/dgospel.com.br\/portal\/index.php\/wp-json\/wp\/v2\/posts\/19204"}],"collection":[{"href":"https:\/\/dgospel.com.br\/portal\/index.php\/wp-json\/wp\/v2\/posts"}],"about":[{"href":"https:\/\/dgospel.com.br\/portal\/index.php\/wp-json\/wp\/v2\/types\/post"}],"author":[{"embeddable":true,"href":"https:\/\/dgospel.com.br\/portal\/index.php\/wp-json\/wp\/v2\/users\/2"}],"replies":[{"embeddable":true,"href":"https:\/\/dgospel.com.br\/portal\/index.php\/wp-json\/wp\/v2\/comments?post=19204"}],"version-history":[{"count":1,"href":"https:\/\/dgospel.com.br\/portal\/index.php\/wp-json\/wp\/v2\/posts\/19204\/revisions"}],"predecessor-version":[{"id":19206,"href":"https:\/\/dgospel.com.br\/portal\/index.php\/wp-json\/wp\/v2\/posts\/19204\/revisions\/19206"}],"wp:featuredmedia":[{"embeddable":true,"href":"https:\/\/dgospel.com.br\/portal\/index.php\/wp-json\/wp\/v2\/media\/19205"}],"wp:attachment":[{"href":"https:\/\/dgospel.com.br\/portal\/index.php\/wp-json\/wp\/v2\/media?parent=19204"}],"wp:term":[{"taxonomy":"category","embeddable":true,"href":"https:\/\/dgospel.com.br\/portal\/index.php\/wp-json\/wp\/v2\/categories?post=19204"},{"taxonomy":"post_tag","embeddable":true,"href":"https:\/\/dgospel.com.br\/portal\/index.php\/wp-json\/wp\/v2\/tags?post=19204"}],"curies":[{"name":"wp","href":"https:\/\/api.w.org\/{rel}","templated":true}]}}