{"id":19214,"date":"2024-04-30T17:54:47","date_gmt":"2024-04-30T20:54:47","guid":{"rendered":"https:\/\/dgospel.com.br\/portal\/?p=19214"},"modified":"2024-04-30T17:54:49","modified_gmt":"2024-04-30T20:54:49","slug":"desemprego-cresce-e-chega-a-79-no-trimestre-encerrado-em-marco","status":"publish","type":"post","link":"https:\/\/dgospel.com.br\/portal\/index.php\/2024\/04\/30\/desemprego-cresce-e-chega-a-79-no-trimestre-encerrado-em-marco\/","title":{"rendered":"Desemprego cresce e chega a 7,9% no trimestre encerrado em mar\u00e7o"},"content":{"rendered":"\n<p>A taxa de desocupa\u00e7\u00e3o no&nbsp;<a href=\"http:\/\/pleno.news\/tag\/brasil\" target=\"_blank\" rel=\"noreferrer noopener\">Brasil<\/a>&nbsp;ficou em 7,9% no trimestre encerrado em mar\u00e7o, de acordo com os dados da Pesquisa Nacional por Amostra de Domic\u00edlios Cont\u00ednua (Pnad Cont\u00ednua) divulgados na manh\u00e3 desta ter\u00e7a-feira (30) pelo Instituto Brasileiro de Geografia e Estat\u00edstica (IBGE). Em rela\u00e7\u00e3o ao trimestre encerrado em dezembro, houve alta de 0,5 ponto percentual no \u00edndice.<\/p>\n\n\n\n<p>O Brasil perdeu 782 mil vagas no mercado de trabalho no trimestre at\u00e9 mar\u00e7o, o primeiro de 2024, ante o \u00faltimo trimestre de 2023. Trata-se de uma queda de 0,8% na ocupa\u00e7\u00e3o ante o trimestre anterior. Com isso, a popula\u00e7\u00e3o ocupada somou 100,2 milh\u00f5es de pessoas ao fim do primeiro trimestre.<\/p>\n\n\n\n<p>J\u00e1 a popula\u00e7\u00e3o desocupada aumentou 6,7% (542 mil pessoas a mais) em um trimestre, totalizando 8,6 milh\u00f5es de desempregados no trimestre at\u00e9 mar\u00e7o. Em um ano houve redu\u00e7\u00e3o de 8,6% nesse grupo e 808 mil pessoas deixaram o desemprego desde ent\u00e3o.<\/p>\n\n\n\n<p>A popula\u00e7\u00e3o inativa ou fora da for\u00e7a de trabalho somou 66,9 milh\u00f5es de pessoas no trimestre encerrado em mar\u00e7o, 607 mil a mais do que no trimestre m\u00f3vel anterior (+0,9%). Na compara\u00e7\u00e3o com um ano atr\u00e1s, informou o IBGE, houve uma baixa de 0,1%.<\/p>\n\n\n\n<p>O n\u00edvel da ocupa\u00e7\u00e3o \u2013 percentual de pessoas ocupadas na popula\u00e7\u00e3o em idade de trabalhar \u2013 ficou em 57% no trimestre at\u00e9 mar\u00e7o, 0,6 ponto porcentual abaixo do registrado no trimestre encerrado em dezembro de 2023, e 0,9 ponto percentual acima do n\u00edvel registrado um ano antes, no trimestre at\u00e9 mar\u00e7o de 2023.<\/p>\n\n\n\n<p>*AE<\/p>\n","protected":false},"excerpt":{"rendered":"<p>A taxa de desocupa\u00e7\u00e3o no&nbsp;Brasil&nbsp;ficou em 7,9% no trimestre encerrado em mar\u00e7o, de acordo com os dados da Pesquisa Nacional por Amostra de Domic\u00edlios Cont\u00ednua (Pnad Cont\u00ednua) divulgados na manh\u00e3 desta ter\u00e7a-feira (30) pelo Instituto Brasileiro de Geografia e Estat\u00edstica (IBGE). Em rela\u00e7\u00e3o ao trimestre encerrado em dezembro, houve alta de 0,5 ponto percentual no [&hellip;]<\/p>\n","protected":false},"author":2,"featured_media":19215,"comment_status":"open","ping_status":"open","sticky":false,"template":"","format":"standard","meta":[],"categories":[10],"tags":[],"_links":{"self":[{"href":"https:\/\/dgospel.com.br\/portal\/index.php\/wp-json\/wp\/v2\/posts\/19214"}],"collection":[{"href":"https:\/\/dgospel.com.br\/portal\/index.php\/wp-json\/wp\/v2\/posts"}],"about":[{"href":"https:\/\/dgospel.com.br\/portal\/index.php\/wp-json\/wp\/v2\/types\/post"}],"author":[{"embeddable":true,"href":"https:\/\/dgospel.com.br\/portal\/index.php\/wp-json\/wp\/v2\/users\/2"}],"replies":[{"embeddable":true,"href":"https:\/\/dgospel.com.br\/portal\/index.php\/wp-json\/wp\/v2\/comments?post=19214"}],"version-history":[{"count":1,"href":"https:\/\/dgospel.com.br\/portal\/index.php\/wp-json\/wp\/v2\/posts\/19214\/revisions"}],"predecessor-version":[{"id":19216,"href":"https:\/\/dgospel.com.br\/portal\/index.php\/wp-json\/wp\/v2\/posts\/19214\/revisions\/19216"}],"wp:featuredmedia":[{"embeddable":true,"href":"https:\/\/dgospel.com.br\/portal\/index.php\/wp-json\/wp\/v2\/media\/19215"}],"wp:attachment":[{"href":"https:\/\/dgospel.com.br\/portal\/index.php\/wp-json\/wp\/v2\/media?parent=19214"}],"wp:term":[{"taxonomy":"category","embeddable":true,"href":"https:\/\/dgospel.com.br\/portal\/index.php\/wp-json\/wp\/v2\/categories?post=19214"},{"taxonomy":"post_tag","embeddable":true,"href":"https:\/\/dgospel.com.br\/portal\/index.php\/wp-json\/wp\/v2\/tags?post=19214"}],"curies":[{"name":"wp","href":"https:\/\/api.w.org\/{rel}","templated":true}]}}