{"id":19220,"date":"2024-04-30T18:01:26","date_gmt":"2024-04-30T21:01:26","guid":{"rendered":"https:\/\/dgospel.com.br\/portal\/?p=19220"},"modified":"2024-04-30T18:01:26","modified_gmt":"2024-04-30T21:01:26","slug":"stf-vai-gastar-r-295-mil-para-monitorar-noticias-sobre-a-corte","status":"publish","type":"post","link":"https:\/\/dgospel.com.br\/portal\/index.php\/2024\/04\/30\/stf-vai-gastar-r-295-mil-para-monitorar-noticias-sobre-a-corte\/","title":{"rendered":"STF vai gastar R$ 295 mil para monitorar not\u00edcias sobre a Corte"},"content":{"rendered":"\n<p>O Supremo Tribunal Federal (STF) vai investir um valor mensal consider\u00e1vel para que empresas de monitoramento de not\u00edcias acompanhem o que \u00e9 falado sobre a Corte e seus ministros.<\/p>\n\n\n\n<p>O trabalho visa acompanhar o que \u00e9 publicado na imprensa em jornais nacionais, regionais, revistas e tamb\u00e9m portais da internet.<\/p>\n\n\n\n<p>egundo a revista Veja, o valor do servi\u00e7o \u00e9 de at\u00e9 R$ 295 mil por ano, o que equivale a aproximadamente R$ 24 mil por m\u00eas.<\/p>\n","protected":false},"excerpt":{"rendered":"<p>O Supremo Tribunal Federal (STF) vai investir um valor mensal consider\u00e1vel para que empresas de monitoramento de not\u00edcias acompanhem o que \u00e9 falado sobre a Corte e seus ministros. O trabalho visa acompanhar o que \u00e9 publicado na imprensa em jornais nacionais, regionais, revistas e tamb\u00e9m portais da internet. egundo a revista Veja, o valor [&hellip;]<\/p>\n","protected":false},"author":2,"featured_media":19221,"comment_status":"open","ping_status":"open","sticky":false,"template":"","format":"standard","meta":[],"categories":[10],"tags":[13],"_links":{"self":[{"href":"https:\/\/dgospel.com.br\/portal\/index.php\/wp-json\/wp\/v2\/posts\/19220"}],"collection":[{"href":"https:\/\/dgospel.com.br\/portal\/index.php\/wp-json\/wp\/v2\/posts"}],"about":[{"href":"https:\/\/dgospel.com.br\/portal\/index.php\/wp-json\/wp\/v2\/types\/post"}],"author":[{"embeddable":true,"href":"https:\/\/dgospel.com.br\/portal\/index.php\/wp-json\/wp\/v2\/users\/2"}],"replies":[{"embeddable":true,"href":"https:\/\/dgospel.com.br\/portal\/index.php\/wp-json\/wp\/v2\/comments?post=19220"}],"version-history":[{"count":1,"href":"https:\/\/dgospel.com.br\/portal\/index.php\/wp-json\/wp\/v2\/posts\/19220\/revisions"}],"predecessor-version":[{"id":19222,"href":"https:\/\/dgospel.com.br\/portal\/index.php\/wp-json\/wp\/v2\/posts\/19220\/revisions\/19222"}],"wp:featuredmedia":[{"embeddable":true,"href":"https:\/\/dgospel.com.br\/portal\/index.php\/wp-json\/wp\/v2\/media\/19221"}],"wp:attachment":[{"href":"https:\/\/dgospel.com.br\/portal\/index.php\/wp-json\/wp\/v2\/media?parent=19220"}],"wp:term":[{"taxonomy":"category","embeddable":true,"href":"https:\/\/dgospel.com.br\/portal\/index.php\/wp-json\/wp\/v2\/categories?post=19220"},{"taxonomy":"post_tag","embeddable":true,"href":"https:\/\/dgospel.com.br\/portal\/index.php\/wp-json\/wp\/v2\/tags?post=19220"}],"curies":[{"name":"wp","href":"https:\/\/api.w.org\/{rel}","templated":true}]}}