{"id":19223,"date":"2024-04-30T18:04:09","date_gmt":"2024-04-30T21:04:09","guid":{"rendered":"https:\/\/dgospel.com.br\/portal\/?p=19223"},"modified":"2024-04-30T18:04:11","modified_gmt":"2024-04-30T21:04:11","slug":"queimadas-na-amazonia-sobem-154-e-batem-recorde-sob-lula","status":"publish","type":"post","link":"https:\/\/dgospel.com.br\/portal\/index.php\/2024\/04\/30\/queimadas-na-amazonia-sobem-154-e-batem-recorde-sob-lula\/","title":{"rendered":"Queimadas na Amaz\u00f4nia sobem 154% e batem recorde sob Lula"},"content":{"rendered":"\n<p>A quantidade de focos de inc\u00eandio na Amaz\u00f4nia aumentou 154% nos quatro primeiros meses deste ano na compara\u00e7\u00e3o com o primeiro quadrimestre do ano passado e bateu recorde durante o atual governo do presidente&nbsp;<a href=\"http:\/\/pleno.news\/tag\/lula\" target=\"_blank\" rel=\"noreferrer noopener\">Luiz In\u00e1cio Lula da Silva<\/a>&nbsp;(PT). Os n\u00fameros s\u00e3o do Instituto Nacional de Pesquisas Espaciais (Inpe).<\/p>\n\n\n\n<p>Ao todo, foram 8.895 focos de queimada no bioma amaz\u00f4nico entre janeiro a abril de 2024 ante 3.381 no mesmo per\u00edodo em 2023. Se comparados com os n\u00fameros registrados durante o governo do ex-presidente\u00a0<a rel=\"noreferrer noopener\" href=\"http:\/\/pleno.news\/tag\/jair-bolsonaro\" target=\"_blank\">Jair Bolsonaro<\/a>\u00a0(PL), que era constantemente acusado pela milit\u00e2ncia de esquerda de contribuir para o desmatamento da Amaz\u00f4nia, os resultados s\u00e3o ainda mais discrepantes.<\/p>\n\n\n\n<p>O n\u00famero de focos de queimada registrado nos primeiros 118 dias de 2024 \u00e9, por exemplo, o segundo maior da s\u00e9rie hist\u00f3rica iniciada em 1999 quando considerado apenas esse trecho do ano. O pior registro, por sinal, foi em outro governo petista, o de Dilma Rousseff, quando houve 9.150 focos de queimada entre janeiro e abril de 2016, ainda antes de a petista sofrer impeachment.<\/p>\n\n\n\n<p>J\u00e1 no governo Bolsonaro, at\u00e9 chegou a ser registrada uma alta de 87% entre 2018 e 2019, mas nos anos seguintes a tend\u00eancia foi sempre de queda, como entre 2019 e 2020, quando a redu\u00e7\u00e3o foi de 39%; entre 2020 e 2021, com diminui\u00e7\u00e3o de 38%; e entre 2021 e 2022, com baixa de 14% no \u00edndice de focos de inc\u00eandio.<\/p>\n\n\n\n<p>O ritmo de queda, por sua vez, foi interrompido por um crescimento de 36%, entre 2022 e 2023, exatamente ap\u00f3s a posse de Lula para seu terceiro governo. Por fim, o intervalo entre 2023 e 2024 consolidou a forte alta, com os 154% de aumento registrados neste ano.<\/p>\n","protected":false},"excerpt":{"rendered":"<p>A quantidade de focos de inc\u00eandio na Amaz\u00f4nia aumentou 154% nos quatro primeiros meses deste ano na compara\u00e7\u00e3o com o primeiro quadrimestre do ano passado e bateu recorde durante o atual governo do presidente&nbsp;Luiz In\u00e1cio Lula da Silva&nbsp;(PT). Os n\u00fameros s\u00e3o do Instituto Nacional de Pesquisas Espaciais (Inpe). Ao todo, foram 8.895 focos de queimada [&hellip;]<\/p>\n","protected":false},"author":2,"featured_media":19224,"comment_status":"open","ping_status":"open","sticky":false,"template":"","format":"standard","meta":[],"categories":[4],"tags":[13],"_links":{"self":[{"href":"https:\/\/dgospel.com.br\/portal\/index.php\/wp-json\/wp\/v2\/posts\/19223"}],"collection":[{"href":"https:\/\/dgospel.com.br\/portal\/index.php\/wp-json\/wp\/v2\/posts"}],"about":[{"href":"https:\/\/dgospel.com.br\/portal\/index.php\/wp-json\/wp\/v2\/types\/post"}],"author":[{"embeddable":true,"href":"https:\/\/dgospel.com.br\/portal\/index.php\/wp-json\/wp\/v2\/users\/2"}],"replies":[{"embeddable":true,"href":"https:\/\/dgospel.com.br\/portal\/index.php\/wp-json\/wp\/v2\/comments?post=19223"}],"version-history":[{"count":1,"href":"https:\/\/dgospel.com.br\/portal\/index.php\/wp-json\/wp\/v2\/posts\/19223\/revisions"}],"predecessor-version":[{"id":19225,"href":"https:\/\/dgospel.com.br\/portal\/index.php\/wp-json\/wp\/v2\/posts\/19223\/revisions\/19225"}],"wp:featuredmedia":[{"embeddable":true,"href":"https:\/\/dgospel.com.br\/portal\/index.php\/wp-json\/wp\/v2\/media\/19224"}],"wp:attachment":[{"href":"https:\/\/dgospel.com.br\/portal\/index.php\/wp-json\/wp\/v2\/media?parent=19223"}],"wp:term":[{"taxonomy":"category","embeddable":true,"href":"https:\/\/dgospel.com.br\/portal\/index.php\/wp-json\/wp\/v2\/categories?post=19223"},{"taxonomy":"post_tag","embeddable":true,"href":"https:\/\/dgospel.com.br\/portal\/index.php\/wp-json\/wp\/v2\/tags?post=19223"}],"curies":[{"name":"wp","href":"https:\/\/api.w.org\/{rel}","templated":true}]}}