{"id":19232,"date":"2024-04-30T19:40:36","date_gmt":"2024-04-30T22:40:36","guid":{"rendered":"https:\/\/dgospel.com.br\/portal\/?p=19232"},"modified":"2024-04-30T20:44:35","modified_gmt":"2024-04-30T23:44:35","slug":"argentina-declara-por-lei-o-dia-das-igrejas-evangelicas-e-protestantes","status":"publish","type":"post","link":"https:\/\/dgospel.com.br\/portal\/index.php\/2024\/04\/30\/argentina-declara-por-lei-o-dia-das-igrejas-evangelicas-e-protestantes\/","title":{"rendered":"Argentina declara por lei o \u2018Dia das Igrejas Evang\u00e9licas e Protestantes\u2019"},"content":{"rendered":"\n<p>\u201cHoje \u00e9 um marco para a comunidade crist\u00e3 evang\u00e9lica na Argentina, com a aprova\u00e7\u00e3o pelo honrado Senado da na\u00e7\u00e3o da lei que institui o Dia Nacional das Igrejas Evang\u00e9licas e Protestantes\u201d, disse a ACIERA (Alian\u00e7a Crist\u00e3 de Igrejas Evang\u00e9licas da Rep\u00fablica da Argentina).<\/p>\n\n\n\n<p>Durante a sess\u00e3o ordin\u00e1ria liderada pela vice-presidente Victoria Villarruel, os 67 senadores presentes apoiaram unanimemente a iniciativa, juntamente com outras propostas do Comit\u00ea de Rela\u00e7\u00f5es Exteriores e Culto.<\/p>\n\n\n\n<p>O projeto, que j\u00e1 havia sido admitido para tramita\u00e7\u00e3o no Parlamento sob o arquivo 32\/23, \u00e9 o resultado de um consenso entre v\u00e1rias propostas apresentadas por quatro deputados nacionais, representantes de diferentes for\u00e7as pol\u00edticas e express\u00f5es de f\u00e9.<\/p>\n\n\n\n<p><strong>Import\u00e2ncia hist\u00f3rica do dia 31 de outubro<\/strong><\/p>\n\n\n\n<p>Alguns dias antes, o presidente da ACIERA, Christian Hooft, havia explicado aos senadores os motivos dessa iniciativa.<\/p>\n\n\n\n<p>Hooft enfatizou \u201ca import\u00e2ncia hist\u00f3rica do dia 31 de outubro, data em que, em 1517, o monge alem\u00e3o Martinho Lutero pregou as 95 teses na porta da Igreja do Castelo de Wittenberg, marcando o in\u00edcio da&nbsp;<strong><a href=\"https:\/\/folhagospel.com\/reforma-protestante-um-movimento-que-impactou-o-mundo-e-a-igreja\/\" target=\"_blank\" rel=\"noreferrer noopener\">Reforma Protestante<\/a><\/strong>, que teve um profundo impacto no mundo ocidental, transformando a pr\u00e1tica e a compreens\u00e3o da religi\u00e3o\u201d.<\/p>\n\n\n\n<p>\u201cAs ideias de Lutero e de outros reformadores, como Jo\u00e3o Calvino e Ulrich Zwingli, espalharam-se rapidamente pela Europa, dando origem a intensos conflitos religiosos, mas tamb\u00e9m enfatizando a liberdade de consci\u00eancia e a interpreta\u00e7\u00e3o pessoal da B\u00edblia\u201d, acrescentou.<\/p>\n\n\n\n<p>Para Hooft, \u201cdeclarar o dia 31 de outubro como o \u2018Dia Nacional das Igrejas Evang\u00e9licas e Protestantes\u2019 \u00e9 reconhecer a import\u00e2ncia dessa tradi\u00e7\u00e3o religiosa na hist\u00f3ria e na sociedade argentina. \u00c9 um gesto de respeito e apoio ao di\u00e1logo inter-religioso, promovendo a diversidade e a pluralidade na na\u00e7\u00e3o\u201d.<\/p>\n\n\n\n<p>Al\u00e9m disso, acrescentou, \u00e9 uma \u201coportunidade para refletir sobre os desafios e oportunidades que essas igrejas enfrentam hoje, bem como para reconhecer a import\u00e2ncia de seu trabalho na promo\u00e7\u00e3o de valores como a igualdade e a liberdade de pensamento na sociedade\u201d.<\/p>\n\n\n\n<p><strong>15,3% dos argentinos se identificam como evang\u00e9licos<\/strong><\/p>\n\n\n\n<p>Hooft explicou que, atualmente, a f\u00e9 crist\u00e3 evang\u00e9lica tem cerca de 700 milh\u00f5es de seguidores em todo o mundo. Na Argentina, \u201cde acordo com dados de 2019,&nbsp;<strong><a href=\"https:\/\/folhagospel.com\/evangelicos-na-argentina-ja-sao-15-da-populacao-diz-pesquisa\/\" target=\"_blank\" rel=\"noreferrer noopener\">15,3% da popula\u00e7\u00e3o se identifica como evang\u00e9lica<\/a><\/strong>, com mais de 25.000 igrejas em todo o pa\u00eds\u201d.<\/p>\n\n\n\n<p>Essas comunidades de f\u00e9 \u201cdesempenham um papel fundamental na vida espiritual e social da na\u00e7\u00e3o, promovendo valores como solidariedade, amor ao pr\u00f3ximo, justi\u00e7a, vida, liberdade e paz\u201d, disse o presidente da ACIERA.<\/p>\n\n\n\n<p>Fonte:<strong> Evangelical Focus<\/strong><\/p>\n","protected":false},"excerpt":{"rendered":"<p>\u201cHoje \u00e9 um marco para a comunidade crist\u00e3 evang\u00e9lica na Argentina, com a aprova\u00e7\u00e3o pelo honrado Senado da na\u00e7\u00e3o da lei que institui o Dia Nacional das Igrejas Evang\u00e9licas e Protestantes\u201d, disse a ACIERA (Alian\u00e7a Crist\u00e3 de Igrejas Evang\u00e9licas da Rep\u00fablica da Argentina). Durante a sess\u00e3o ordin\u00e1ria liderada pela vice-presidente Victoria Villarruel, os 67 senadores [&hellip;]<\/p>\n","protected":false},"author":2,"featured_media":19233,"comment_status":"open","ping_status":"open","sticky":false,"template":"","format":"standard","meta":[],"categories":[12,16],"tags":[13],"_links":{"self":[{"href":"https:\/\/dgospel.com.br\/portal\/index.php\/wp-json\/wp\/v2\/posts\/19232"}],"collection":[{"href":"https:\/\/dgospel.com.br\/portal\/index.php\/wp-json\/wp\/v2\/posts"}],"about":[{"href":"https:\/\/dgospel.com.br\/portal\/index.php\/wp-json\/wp\/v2\/types\/post"}],"author":[{"embeddable":true,"href":"https:\/\/dgospel.com.br\/portal\/index.php\/wp-json\/wp\/v2\/users\/2"}],"replies":[{"embeddable":true,"href":"https:\/\/dgospel.com.br\/portal\/index.php\/wp-json\/wp\/v2\/comments?post=19232"}],"version-history":[{"count":1,"href":"https:\/\/dgospel.com.br\/portal\/index.php\/wp-json\/wp\/v2\/posts\/19232\/revisions"}],"predecessor-version":[{"id":19234,"href":"https:\/\/dgospel.com.br\/portal\/index.php\/wp-json\/wp\/v2\/posts\/19232\/revisions\/19234"}],"wp:featuredmedia":[{"embeddable":true,"href":"https:\/\/dgospel.com.br\/portal\/index.php\/wp-json\/wp\/v2\/media\/19233"}],"wp:attachment":[{"href":"https:\/\/dgospel.com.br\/portal\/index.php\/wp-json\/wp\/v2\/media?parent=19232"}],"wp:term":[{"taxonomy":"category","embeddable":true,"href":"https:\/\/dgospel.com.br\/portal\/index.php\/wp-json\/wp\/v2\/categories?post=19232"},{"taxonomy":"post_tag","embeddable":true,"href":"https:\/\/dgospel.com.br\/portal\/index.php\/wp-json\/wp\/v2\/tags?post=19232"}],"curies":[{"name":"wp","href":"https:\/\/api.w.org\/{rel}","templated":true}]}}