{"id":19235,"date":"2024-04-30T19:45:38","date_gmt":"2024-04-30T22:45:38","guid":{"rendered":"https:\/\/dgospel.com.br\/portal\/?p=19235"},"modified":"2024-04-30T19:45:39","modified_gmt":"2024-04-30T22:45:39","slug":"maduro-corteja-eleitores-evangelicos-com-presentes-e-dinheiro","status":"publish","type":"post","link":"https:\/\/dgospel.com.br\/portal\/index.php\/2024\/04\/30\/maduro-corteja-eleitores-evangelicos-com-presentes-e-dinheiro\/","title":{"rendered":"Maduro corteja eleitores evang\u00e9licos com presentes e dinheiro"},"content":{"rendered":"\n<p>A menos de tr\u00eas meses das elei\u00e7\u00f5es presidenciais na Venezuela, o atual presidente Nicol\u00e1s Maduro se empenha em alcan\u00e7ar \u00e0 comunidade evang\u00e9lica, que representa 30,9% da popula\u00e7\u00e3o do pa\u00eds. No in\u00edcio de mar\u00e7o, ele reuniu 17 mil pessoas em um evento exclusivo para pastores na cidade de Carabobo, no norte do pa\u00eds.<\/p>\n\n\n\n<p>Na oportunidade, ele anunciou que 20 mil pastores haviam sido beneficiados pelo programa \u201cBono El Buen Pastor\u201d (\u201cO B\u00f4nus do Bom Pastor\u201d), que entregaria uma bolsa mensal de 495 bol\u00edvares (cerca de 14 d\u00f3lares) para cada novo membro. (O sal\u00e1rio m\u00ednimo legal mensal da Venezuela \u00e9 de 130 bol\u00edvares ou 3,50 d\u00f3lares).<\/p>\n\n\n\n<p>Juntamente com o \u201cPlan Mi Iglesia Bien Equipada\u201d (\u201cMeu Plano de Igreja Bem Equipada\u201d), criados pelo governo em 2023, s\u00e3o projetos que oferecem recursos aos pastores e suas igrejas, incluindo dinheiro, cadeiras, materiais de constru\u00e7\u00e3o e equipamento de som caro. O \u201cMi Iglesia Bien Equipada\u201d investe em espa\u00e7os recreativos e art\u00edsticos em igrejas, desde 2019.<\/p>\n\n\n\n<p>Oficialmente, o governo diz que o programa visa dar aos fi\u00e9is espa\u00e7os dignos onde possam desenvolver a sua f\u00e9. Essa \u201cgenerosidade do Estado\u201d divide opini\u00f5es e causa desconfian\u00e7a entre algumas pessoas.<\/p>\n\n\n\n<p><em>As informa\u00e7\u00f5es de Hern\u00e1n Restrepo, jornalista colombiano que mora em Bogot\u00e1, para o site da Christianity Today.<\/em><\/p>\n","protected":false},"excerpt":{"rendered":"<p>A menos de tr\u00eas meses das elei\u00e7\u00f5es presidenciais na Venezuela, o atual presidente Nicol\u00e1s Maduro se empenha em alcan\u00e7ar \u00e0 comunidade evang\u00e9lica, que representa 30,9% da popula\u00e7\u00e3o do pa\u00eds. No in\u00edcio de mar\u00e7o, ele reuniu 17 mil pessoas em um evento exclusivo para pastores na cidade de Carabobo, no norte do pa\u00eds. Na oportunidade, ele [&hellip;]<\/p>\n","protected":false},"author":2,"featured_media":19236,"comment_status":"open","ping_status":"open","sticky":false,"template":"","format":"standard","meta":[],"categories":[12,16],"tags":[],"_links":{"self":[{"href":"https:\/\/dgospel.com.br\/portal\/index.php\/wp-json\/wp\/v2\/posts\/19235"}],"collection":[{"href":"https:\/\/dgospel.com.br\/portal\/index.php\/wp-json\/wp\/v2\/posts"}],"about":[{"href":"https:\/\/dgospel.com.br\/portal\/index.php\/wp-json\/wp\/v2\/types\/post"}],"author":[{"embeddable":true,"href":"https:\/\/dgospel.com.br\/portal\/index.php\/wp-json\/wp\/v2\/users\/2"}],"replies":[{"embeddable":true,"href":"https:\/\/dgospel.com.br\/portal\/index.php\/wp-json\/wp\/v2\/comments?post=19235"}],"version-history":[{"count":1,"href":"https:\/\/dgospel.com.br\/portal\/index.php\/wp-json\/wp\/v2\/posts\/19235\/revisions"}],"predecessor-version":[{"id":19237,"href":"https:\/\/dgospel.com.br\/portal\/index.php\/wp-json\/wp\/v2\/posts\/19235\/revisions\/19237"}],"wp:featuredmedia":[{"embeddable":true,"href":"https:\/\/dgospel.com.br\/portal\/index.php\/wp-json\/wp\/v2\/media\/19236"}],"wp:attachment":[{"href":"https:\/\/dgospel.com.br\/portal\/index.php\/wp-json\/wp\/v2\/media?parent=19235"}],"wp:term":[{"taxonomy":"category","embeddable":true,"href":"https:\/\/dgospel.com.br\/portal\/index.php\/wp-json\/wp\/v2\/categories?post=19235"},{"taxonomy":"post_tag","embeddable":true,"href":"https:\/\/dgospel.com.br\/portal\/index.php\/wp-json\/wp\/v2\/tags?post=19235"}],"curies":[{"name":"wp","href":"https:\/\/api.w.org\/{rel}","templated":true}]}}