{"id":19238,"date":"2024-04-30T19:52:26","date_gmt":"2024-04-30T22:52:26","guid":{"rendered":"https:\/\/dgospel.com.br\/portal\/?p=19238"},"modified":"2024-04-30T19:52:26","modified_gmt":"2024-04-30T22:52:26","slug":"marcha-para-jesus-movimenta-o-rio-em-maio-veja-data-e-atracoes","status":"publish","type":"post","link":"https:\/\/dgospel.com.br\/portal\/index.php\/2024\/04\/30\/marcha-para-jesus-movimenta-o-rio-em-maio-veja-data-e-atracoes\/","title":{"rendered":"Marcha Para Jesus movimenta o Rio em maio. Veja data e atra\u00e7\u00f5es!"},"content":{"rendered":"\n<p>Com o slogan \u201cFor\u00e7a da Uni\u00e3o\u201d, a&nbsp;<em>Marcha Para Jesus<\/em>&nbsp;<em>do Rio de Janeiro<\/em>&nbsp;vai acontecer mais cedo em 2024. Diferentes das duas \u00faltimas edi\u00e7\u00f5es, que aconteceram em agosto, a 17\u00aa edi\u00e7\u00e3o do evento foi antecipada para o dia 25 de maio, a partir das 14h.<\/p>\n\n\n\n<p>J\u00e1 o trajeto e o local do show v\u00e3o manter a tradicional concentra\u00e7\u00e3o na Avenida Presidente Vargas, na altura da Avenida Passos, em dire\u00e7\u00e3o \u00e0 Pra\u00e7a da Apoteose, onde acontecer\u00e3o mobiliza\u00e7\u00f5es, ora\u00e7\u00f5es e shows comandados por grandes nomes da m\u00fasica gospel do Brasil.<\/p>\n\n\n\n<p>At\u00e9 o momento j\u00e1 est\u00e3o confirmados Thalles Roberto, Eli Soares, Samuel Messias, DiscoPraise, Valesca Mayssa, Midian Lima, Lukas Agustinho, Bruna Karla, Minist\u00e9rio Gospel Night, Davi Sacer, Stella Laura, Marcus Salles e Arthur Callazans.<\/p>\n\n\n\n<p>Promovida pelo Conselho de Ministros Evang\u00e9licos do Rio de Janeiro (Comerj), presidido pelo pastor Cl\u00e1udio Duarte, a&nbsp;<em>Marcha Para Jesus do Rio de Janeiro<\/em>&nbsp;foi certificada como Patrim\u00f4nio Cultural Imaterial do Estado em 2023. Desta forma, o estado do Rio de Janeiro \u201cassume o compromisso de estimular, apoiar, preservar e divulgar as manifesta\u00e7\u00f5es culturais, religiosas e express\u00f5es art\u00edsticas, inclusive as de iniciativas populares\u201d.<\/p>\n\n\n\n<p>A&nbsp;<em>Marcha Para Jesus do Rio de Janeiro<\/em>&nbsp;foi realizada pela primeira vez em 1998. No dia 3 de setembro de 2009, foi institu\u00eddo o Dia Nacional da Marcha para Jesus e, dois anos depois, mais precisamente no dia 11 de janeiro de 2011, o evento passou a fazer parte do calend\u00e1rio oficial da cidade do Rio de Janeiro.<\/p>\n","protected":false},"excerpt":{"rendered":"<p>Com o slogan \u201cFor\u00e7a da Uni\u00e3o\u201d, a&nbsp;Marcha Para Jesus&nbsp;do Rio de Janeiro&nbsp;vai acontecer mais cedo em 2024. Diferentes das duas \u00faltimas edi\u00e7\u00f5es, que aconteceram em agosto, a 17\u00aa edi\u00e7\u00e3o do evento foi antecipada para o dia 25 de maio, a partir das 14h. J\u00e1 o trajeto e o local do show v\u00e3o manter a tradicional [&hellip;]<\/p>\n","protected":false},"author":2,"featured_media":19239,"comment_status":"open","ping_status":"open","sticky":false,"template":"","format":"standard","meta":[],"categories":[12,5],"tags":[],"_links":{"self":[{"href":"https:\/\/dgospel.com.br\/portal\/index.php\/wp-json\/wp\/v2\/posts\/19238"}],"collection":[{"href":"https:\/\/dgospel.com.br\/portal\/index.php\/wp-json\/wp\/v2\/posts"}],"about":[{"href":"https:\/\/dgospel.com.br\/portal\/index.php\/wp-json\/wp\/v2\/types\/post"}],"author":[{"embeddable":true,"href":"https:\/\/dgospel.com.br\/portal\/index.php\/wp-json\/wp\/v2\/users\/2"}],"replies":[{"embeddable":true,"href":"https:\/\/dgospel.com.br\/portal\/index.php\/wp-json\/wp\/v2\/comments?post=19238"}],"version-history":[{"count":1,"href":"https:\/\/dgospel.com.br\/portal\/index.php\/wp-json\/wp\/v2\/posts\/19238\/revisions"}],"predecessor-version":[{"id":19240,"href":"https:\/\/dgospel.com.br\/portal\/index.php\/wp-json\/wp\/v2\/posts\/19238\/revisions\/19240"}],"wp:featuredmedia":[{"embeddable":true,"href":"https:\/\/dgospel.com.br\/portal\/index.php\/wp-json\/wp\/v2\/media\/19239"}],"wp:attachment":[{"href":"https:\/\/dgospel.com.br\/portal\/index.php\/wp-json\/wp\/v2\/media?parent=19238"}],"wp:term":[{"taxonomy":"category","embeddable":true,"href":"https:\/\/dgospel.com.br\/portal\/index.php\/wp-json\/wp\/v2\/categories?post=19238"},{"taxonomy":"post_tag","embeddable":true,"href":"https:\/\/dgospel.com.br\/portal\/index.php\/wp-json\/wp\/v2\/tags?post=19238"}],"curies":[{"name":"wp","href":"https:\/\/api.w.org\/{rel}","templated":true}]}}