{"id":19242,"date":"2024-05-01T18:35:57","date_gmt":"2024-05-01T21:35:57","guid":{"rendered":"https:\/\/dgospel.com.br\/portal\/?p=19242"},"modified":"2024-05-01T18:35:58","modified_gmt":"2024-05-01T21:35:58","slug":"flopou-lula-se-irrita-e-culpa-seu-ministro-por-fiasco-no-1o-de-maio","status":"publish","type":"post","link":"https:\/\/dgospel.com.br\/portal\/index.php\/2024\/05\/01\/flopou-lula-se-irrita-e-culpa-seu-ministro-por-fiasco-no-1o-de-maio\/","title":{"rendered":"\u2018Flopou\u2019: Lula se irrita e culpa seu ministro por fiasco no 1\u00ba de maio"},"content":{"rendered":"\n<p>Durante discurso no evento em comemora\u00e7\u00e3o do Dia do Trabalhador, organizado pelas centrais sindicais em S\u00e3o Paulo, o presidente da Rep\u00fablica, Luiz In\u00e1cio Lula da Silva, mostrou clara irrita\u00e7\u00e3o com a baixa ades\u00e3o ao ato. Segundo o presidente, a convoca\u00e7\u00e3o para o evento de 1\u00ba de Maio, realizado no estacionamento do est\u00e1dio do Corinthians, em Itaquera, n\u00e3o foi feita como deveria, o que reduziu o p\u00fablico do evento.<\/p>\n\n\n\n<p>No palco, ao apresentar seus ministros, ele culpou M\u00e1rcio Macedo, titular da Secretaria-Geral da Presid\u00eancia, e tentou disfar\u00e7ar o problema de falar para um p\u00fablico bem reduzido.<\/p>\n\n\n\n<p>\u2013 Ele [M\u00e1rcio Macedo] \u00e9 respons\u00e1vel pelo movimento social brasileiro. N\u00e3o pense que vai ficar assim. Voc\u00eas sabem que ontem eu conversei com ele sobre esse ato e eu disse para ele: \u201cOh M\u00e1rcio, o ato est\u00e1 mal convocado. O ato est\u00e1 mal convocado. N\u00f3s n\u00e3o fizemos o esfor\u00e7o necess\u00e1rio para levar a quantidade de gente que era preciso levar\u201d. Mas, de qualquer forma, eu estou acostumado a falar com mil, com um milh\u00e3o [de pessoas], mas tamb\u00e9m, se for necess\u00e1rio, eu falo apenas com a senhora maravilhosa que est\u00e1 aqui na minha frente pra conversar com a gente \u2013 disse o petista.<\/p>\n\n\n\n<p><a href=\"https:\/\/www.instagram.com\/reel\/C6b3pWzOMyu\/?utm_source=ig_embed&amp;ig_rid=6d1ea606-5a9a-4f6c-9e50-009bf79c7e11\">https:\/\/www.instagram.com\/reel\/C6b3pWzOMyu\/?utm_source=ig_embed&amp;ig_rid=6d1ea606-5a9a-4f6c-9e50-009bf79c7e11<\/a><\/p>\n\n\n\n<p>Antes da fala de Lula, outros dirigentes de centrais defenderam maior presen\u00e7a de grupos de esquerda nas ruas, em contraposi\u00e7\u00e3o aos atos de direita convocados por Jair Bolsonaro, ainda que sem cit\u00e1-lo.<\/p>\n\n\n\n<p>Nas redes, aliados do ex-presidente ironizaram a baixa participa\u00e7\u00e3o nos atos das centrais sindicais, mesmo com a presen\u00e7a de Lula.<\/p>\n\n\n\n<p>\u2013 Um boneco do Bolsonaro coloca mais gente na rua \u2013 ironizou o deputado federal Nikolas Ferreira (PL-MG).<\/p>\n\n\n\n<figure class=\"wp-block-image\"><img src=\"https:\/\/static.cdn.pleno.news\/2024\/05\/Nikolas-sobre-ato-flopado.png\" alt=\"\" class=\"wp-image-1315579\"\/><\/figure>\n\n\n\n<p>\u2013 Lula bate mais um recorde de fiasco absoluto \u2013 completou Gustavo Gayer (PL-GO).<\/p>\n\n\n\n<p>Al\u00e9m de Lula e Macedo, tamb\u00e9m estavam presentes o vice-presidente da Rep\u00fablica, Geraldo Alckmin, e os ministros Cida Gon\u00e7alves (Mulheres), Anielle Franco (Igualdade Racial), Luiz Marinho (Trabalho), Alexandre Padilha (Rela\u00e7\u00f5es Institucionais), Andr\u00e9 Fufuca (Esportes), Paulo Teixeira (Desenvolvimento Agr\u00e1rio), Silvio Almeida (Direitos Humanos) e Paulo Pimenta (Comunica\u00e7\u00f5es).<\/p>\n\n\n\n<p>O deputado federal Guilherme Boulos (PSOL), pr\u00e9-candidato de Lula nas elei\u00e7\u00f5es em S\u00e3o Paulo tamb\u00e9m compareceu e discursou, o que poderia ser considerado crime eleitoral, j\u00e1 que o Tribunal Superior Eleitoral (TSE) pro\u00edbe a propaganda pol\u00edtica antecipada.<\/p>\n\n\n\n<p>No ato promovido pela direita, no dia 21 do \u00faltimo m\u00eas, em Copacabana, Zona Sul do Rio de Janeiro, o pr\u00e9-candidato \u00e0 Prefeitura do Rio pelo PL, o deputado federal Alexandre Ramagem, esteve presente na manifesta\u00e7\u00e3o, mas foi orientado pelos correligion\u00e1rios a n\u00e3o discursar para n\u00e3o correr o risco de ser punido pela Corte Eleitoral.<\/p>\n\n\n\n<p>*Com informa\u00e7\u00f5es AE<\/p>\n","protected":false},"excerpt":{"rendered":"<p>Durante discurso no evento em comemora\u00e7\u00e3o do Dia do Trabalhador, organizado pelas centrais sindicais em S\u00e3o Paulo, o presidente da Rep\u00fablica, Luiz In\u00e1cio Lula da Silva, mostrou clara irrita\u00e7\u00e3o com a baixa ades\u00e3o ao ato. Segundo o presidente, a convoca\u00e7\u00e3o para o evento de 1\u00ba de Maio, realizado no estacionamento do est\u00e1dio do Corinthians, em [&hellip;]<\/p>\n","protected":false},"author":2,"featured_media":19243,"comment_status":"open","ping_status":"open","sticky":false,"template":"","format":"standard","meta":[],"categories":[4],"tags":[13],"_links":{"self":[{"href":"https:\/\/dgospel.com.br\/portal\/index.php\/wp-json\/wp\/v2\/posts\/19242"}],"collection":[{"href":"https:\/\/dgospel.com.br\/portal\/index.php\/wp-json\/wp\/v2\/posts"}],"about":[{"href":"https:\/\/dgospel.com.br\/portal\/index.php\/wp-json\/wp\/v2\/types\/post"}],"author":[{"embeddable":true,"href":"https:\/\/dgospel.com.br\/portal\/index.php\/wp-json\/wp\/v2\/users\/2"}],"replies":[{"embeddable":true,"href":"https:\/\/dgospel.com.br\/portal\/index.php\/wp-json\/wp\/v2\/comments?post=19242"}],"version-history":[{"count":1,"href":"https:\/\/dgospel.com.br\/portal\/index.php\/wp-json\/wp\/v2\/posts\/19242\/revisions"}],"predecessor-version":[{"id":19244,"href":"https:\/\/dgospel.com.br\/portal\/index.php\/wp-json\/wp\/v2\/posts\/19242\/revisions\/19244"}],"wp:featuredmedia":[{"embeddable":true,"href":"https:\/\/dgospel.com.br\/portal\/index.php\/wp-json\/wp\/v2\/media\/19243"}],"wp:attachment":[{"href":"https:\/\/dgospel.com.br\/portal\/index.php\/wp-json\/wp\/v2\/media?parent=19242"}],"wp:term":[{"taxonomy":"category","embeddable":true,"href":"https:\/\/dgospel.com.br\/portal\/index.php\/wp-json\/wp\/v2\/categories?post=19242"},{"taxonomy":"post_tag","embeddable":true,"href":"https:\/\/dgospel.com.br\/portal\/index.php\/wp-json\/wp\/v2\/tags?post=19242"}],"curies":[{"name":"wp","href":"https:\/\/api.w.org\/{rel}","templated":true}]}}