{"id":19245,"date":"2024-05-01T18:49:42","date_gmt":"2024-05-01T21:49:42","guid":{"rendered":"https:\/\/dgospel.com.br\/portal\/?p=19245"},"modified":"2024-05-01T18:49:43","modified_gmt":"2024-05-01T21:49:43","slug":"eduardo-bolsonaro-reage-a-confissao-da-astrazeneca-sobre-efeito-colateral-da-vacinada-da-covid-19-aguardando-os-jornais-e-imbecis-se-desculparem-com-bolsonaro","status":"publish","type":"post","link":"https:\/\/dgospel.com.br\/portal\/index.php\/2024\/05\/01\/eduardo-bolsonaro-reage-a-confissao-da-astrazeneca-sobre-efeito-colateral-da-vacinada-da-covid-19-aguardando-os-jornais-e-imbecis-se-desculparem-com-bolsonaro\/","title":{"rendered":"Eduardo Bolsonaro reage \u00e0 confiss\u00e3o da AstraZeneca\u00a0sobre efeito colateral da vacinada da Covid-19 \u201cAguardando os jornais e imbecis se desculparem com Bolsonaro\u201d"},"content":{"rendered":"\n<p>O deputado federal Eduardo Bolsonaro reagiu&nbsp;<a href=\"https:\/\/pleno.news\/saude-e-beleza\/coronavirus\/astrazeneca-admite-que-ha-efeito-colateral-raro-em-vacina-da-covid.html\" target=\"_blank\" rel=\"noreferrer noopener\">\u00e0 \u201cconfiss\u00e3o\u201d da farmac\u00eautica AstraZeneca<\/a>&nbsp;acerca da ocorr\u00eancia de um \u201cefeito colateral raro\u201d na vacina produzida pelo laborat\u00f3rio contra a Covid-19. Segundo o parlamentar, a imprensa deve desculpas ao ex-presidente Jair Bolsonaro (PL).<\/p>\n\n\n\n<p>\u2013 Aguardando os jornais e imbecis que chamaram Jair Bolsonaro de genocida mostrarem que tem um pingo de vergonha em suas cara safadas e se desculparem \u2013 disparou em publica\u00e7\u00e3o na rede social X, nesta ter\u00e7a-feira (30).<\/p>\n\n\n\n<p>O deputado disse ainda que o cerco a Bolsonaro na \u00e9poca da pandemia \u201cnunca foi pela sa\u00fade\u201d.<\/p>\n\n\n\n<p>\u2013 Nunca foi pela sa\u00fade. Sempre foi pelo poder. Mais claro do que nunca \u2013 disse.<\/p>\n\n\n\n<figure class=\"wp-block-image\"><img src=\"https:\/\/static.cdn.pleno.news\/2024\/05\/Screenshot_588.png\" alt=\"\" class=\"wp-image-1315458\"\/><\/figure>\n\n\n\n<p>A admiss\u00e3o da AstraZeneca consta em uma a\u00e7\u00e3o coletiva apresentada por pessoas que desenvolveram trombose ap\u00f3s serem vacinadas na Inglaterra. Ao todo, 51 fam\u00edlias pedem uma indeniza\u00e7\u00e3o de cerca de R$ 700 milh\u00f5es.<\/p>\n\n\n\n<p>Em documentos anexados ao processo, a empresa disse que o imunizante contra a Covid-19 \u201cpode, em casos muito raros, causar s\u00edndrome de trombose com trombocitopenia (TTS)\u201d, quadro que \u00e9 caracterizado pela forma\u00e7\u00e3o de co\u00e1gulos de sangue, o que aumenta os riscos de entupimento de veias e art\u00e9rias.<\/p>\n","protected":false},"excerpt":{"rendered":"<p>O deputado federal Eduardo Bolsonaro reagiu&nbsp;\u00e0 \u201cconfiss\u00e3o\u201d da farmac\u00eautica AstraZeneca&nbsp;acerca da ocorr\u00eancia de um \u201cefeito colateral raro\u201d na vacina produzida pelo laborat\u00f3rio contra a Covid-19. Segundo o parlamentar, a imprensa deve desculpas ao ex-presidente Jair Bolsonaro (PL). \u2013 Aguardando os jornais e imbecis que chamaram Jair Bolsonaro de genocida mostrarem que tem um pingo de [&hellip;]<\/p>\n","protected":false},"author":2,"featured_media":19246,"comment_status":"open","ping_status":"open","sticky":false,"template":"","format":"standard","meta":[],"categories":[10],"tags":[13],"_links":{"self":[{"href":"https:\/\/dgospel.com.br\/portal\/index.php\/wp-json\/wp\/v2\/posts\/19245"}],"collection":[{"href":"https:\/\/dgospel.com.br\/portal\/index.php\/wp-json\/wp\/v2\/posts"}],"about":[{"href":"https:\/\/dgospel.com.br\/portal\/index.php\/wp-json\/wp\/v2\/types\/post"}],"author":[{"embeddable":true,"href":"https:\/\/dgospel.com.br\/portal\/index.php\/wp-json\/wp\/v2\/users\/2"}],"replies":[{"embeddable":true,"href":"https:\/\/dgospel.com.br\/portal\/index.php\/wp-json\/wp\/v2\/comments?post=19245"}],"version-history":[{"count":1,"href":"https:\/\/dgospel.com.br\/portal\/index.php\/wp-json\/wp\/v2\/posts\/19245\/revisions"}],"predecessor-version":[{"id":19247,"href":"https:\/\/dgospel.com.br\/portal\/index.php\/wp-json\/wp\/v2\/posts\/19245\/revisions\/19247"}],"wp:featuredmedia":[{"embeddable":true,"href":"https:\/\/dgospel.com.br\/portal\/index.php\/wp-json\/wp\/v2\/media\/19246"}],"wp:attachment":[{"href":"https:\/\/dgospel.com.br\/portal\/index.php\/wp-json\/wp\/v2\/media?parent=19245"}],"wp:term":[{"taxonomy":"category","embeddable":true,"href":"https:\/\/dgospel.com.br\/portal\/index.php\/wp-json\/wp\/v2\/categories?post=19245"},{"taxonomy":"post_tag","embeddable":true,"href":"https:\/\/dgospel.com.br\/portal\/index.php\/wp-json\/wp\/v2\/tags?post=19245"}],"curies":[{"name":"wp","href":"https:\/\/api.w.org\/{rel}","templated":true}]}}