{"id":1925,"date":"2018-11-24T14:12:45","date_gmt":"2018-11-24T16:12:45","guid":{"rendered":"http:\/\/dgospel.com.br\/portal\/?p=1925"},"modified":"2018-11-24T14:12:45","modified_gmt":"2018-11-24T16:12:45","slug":"projeto-de-lei-de-luana-que-institui-semana-estadual-de-conscientizacao-prevencao-e-combate-ao-suicidio-e-aprovado","status":"publish","type":"post","link":"https:\/\/dgospel.com.br\/portal\/index.php\/2018\/11\/24\/projeto-de-lei-de-luana-que-institui-semana-estadual-de-conscientizacao-prevencao-e-combate-ao-suicidio-e-aprovado\/","title":{"rendered":"Projeto de Lei de Luana que institui Semana Estadual de Conscientiza\u00e7\u00e3o, Preven\u00e7\u00e3o e Combate ao Suic\u00eddio \u00e9 aprovado"},"content":{"rendered":"<p class=\"yiv8403228630MsoNormal\">O projeto de lei proposto pela presidente da Assembleia Legislativa, deputada Luana Ribeiro (PSDB), que disp\u00f5e sobre a institui\u00e7\u00e3o da Semana de Conscientiza\u00e7\u00e3o, Preven\u00e7\u00e3o e Combate ao Suic\u00eddio no Estado do Tocantins foi aprovado pela Casa de Leis.<\/p>\n<p class=\"yiv8403228630MsoNormal\">Conforme a proposi\u00e7\u00e3o, a Semana fica institu\u00edda no calend\u00e1rio oficial do Estado, a realizar-se anualmente na semana do dia 10 de setembro, Dia Mundial de Preven\u00e7\u00e3o ao Suic\u00eddio. Durante a semana, ser\u00e3o desenvolvidas atividades que visem promover a conscientiza\u00e7\u00e3o social sobre o suic\u00eddio e as formas de preven\u00e7\u00e3o; estimular a\u00e7\u00f5es educativas por parte dos diversos segmentos sociais e institui\u00e7\u00f5es p\u00fablicas que perten\u00e7am \u00e0 rede de preven\u00e7\u00e3o e combate ao suic\u00eddio; difundir os conhecimentos cient\u00edficos relacionados \u00e0 preven\u00e7\u00e3o e combate ao suic\u00eddio; e avaliar e aprimorar as pol\u00edticas p\u00fablicas direcionadas \u00e0 promo\u00e7\u00e3o da conscientiza\u00e7\u00e3o, preven\u00e7\u00e3o e combate ao suic\u00eddio.<\/p>\n<p class=\"yiv8403228630MsoNormal\">A deputada afirma que a ideia de criar o projeto se d\u00e1 em aten\u00e7\u00e3o ao fato do suic\u00eddio ser um dos grandes problemas de sa\u00fade p\u00fablica mundial, afetando fam\u00edlias de todos os pa\u00edses.<\/p>\n<p class=\"yiv8403228630MsoNormal\">\u201cPor conta da gravidade e da enorme incid\u00eancia do agravo no territ\u00f3rio tocantinense, e verificado que as redes de conscientiza\u00e7\u00e3o, preven\u00e7\u00e3o e combate ao suic\u00eddio necessitam de articula\u00e7\u00e3o, investimento, intera\u00e7\u00e3o e colabora\u00e7\u00e3o do Poder P\u00fablico, vimos a necessidade de criara Semana, como est\u00edmulo \u00e0 discuss\u00e3o, \u00e0 produ\u00e7\u00e3o cient\u00edfica, ao enfrentamento em face dos alarmantes n\u00fameros envolvendo o suic\u00eddio em nosso Estado\u201d, pontua a deputada.<\/p>\n<p class=\"yiv8403228630MsoNormal\">Aprovado na Assembleia Legislativa do Tocantins, o projeto de lei e aguarda san\u00e7\u00e3o do Poder Executivo.<\/p>\n<div>\n<div class=\"yiv8403228630gmail_signature\" dir=\"ltr\">\n<div dir=\"ltr\">\n<div>\n<div dir=\"ltr\">\n<div dir=\"ltr\">\n<div dir=\"ltr\">\n<div dir=\"ltr\">\n<div><b><\/b><\/div>\n<\/div>\n<\/div>\n<\/div>\n<\/div>\n<\/div>\n<\/div>\n<\/div>\n<\/div>\n","protected":false},"excerpt":{"rendered":"<p>O projeto de lei proposto pela presidente da Assembleia Legislativa, deputada Luana Ribeiro (PSDB), que disp\u00f5e sobre a institui\u00e7\u00e3o da Semana de Conscientiza\u00e7\u00e3o, Preven\u00e7\u00e3o e Combate ao Suic\u00eddio no Estado do Tocantins foi aprovado pela Casa de Leis. Conforme a proposi\u00e7\u00e3o, a Semana fica institu\u00edda no calend\u00e1rio oficial do Estado, a realizar-se anualmente na semana [&hellip;]<\/p>\n","protected":false},"author":2,"featured_media":1926,"comment_status":"open","ping_status":"open","sticky":false,"template":"","format":"standard","meta":[],"categories":[8,2],"tags":[],"_links":{"self":[{"href":"https:\/\/dgospel.com.br\/portal\/index.php\/wp-json\/wp\/v2\/posts\/1925"}],"collection":[{"href":"https:\/\/dgospel.com.br\/portal\/index.php\/wp-json\/wp\/v2\/posts"}],"about":[{"href":"https:\/\/dgospel.com.br\/portal\/index.php\/wp-json\/wp\/v2\/types\/post"}],"author":[{"embeddable":true,"href":"https:\/\/dgospel.com.br\/portal\/index.php\/wp-json\/wp\/v2\/users\/2"}],"replies":[{"embeddable":true,"href":"https:\/\/dgospel.com.br\/portal\/index.php\/wp-json\/wp\/v2\/comments?post=1925"}],"version-history":[{"count":1,"href":"https:\/\/dgospel.com.br\/portal\/index.php\/wp-json\/wp\/v2\/posts\/1925\/revisions"}],"predecessor-version":[{"id":1927,"href":"https:\/\/dgospel.com.br\/portal\/index.php\/wp-json\/wp\/v2\/posts\/1925\/revisions\/1927"}],"wp:featuredmedia":[{"embeddable":true,"href":"https:\/\/dgospel.com.br\/portal\/index.php\/wp-json\/wp\/v2\/media\/1926"}],"wp:attachment":[{"href":"https:\/\/dgospel.com.br\/portal\/index.php\/wp-json\/wp\/v2\/media?parent=1925"}],"wp:term":[{"taxonomy":"category","embeddable":true,"href":"https:\/\/dgospel.com.br\/portal\/index.php\/wp-json\/wp\/v2\/categories?post=1925"},{"taxonomy":"post_tag","embeddable":true,"href":"https:\/\/dgospel.com.br\/portal\/index.php\/wp-json\/wp\/v2\/tags?post=1925"}],"curies":[{"name":"wp","href":"https:\/\/api.w.org\/{rel}","templated":true}]}}