{"id":19251,"date":"2024-05-01T19:57:17","date_gmt":"2024-05-01T22:57:17","guid":{"rendered":"https:\/\/dgospel.com.br\/portal\/?p=19251"},"modified":"2024-05-01T19:57:17","modified_gmt":"2024-05-01T22:57:17","slug":"governo-do-tocantins-apresenta-o-programa-jovem-trabalhador-a-secretaria-nacional-dos-direitos-da-pessoa-com-deficiencia","status":"publish","type":"post","link":"https:\/\/dgospel.com.br\/portal\/index.php\/2024\/05\/01\/governo-do-tocantins-apresenta-o-programa-jovem-trabalhador-a-secretaria-nacional-dos-direitos-da-pessoa-com-deficiencia\/","title":{"rendered":"Governo do Tocantins apresenta o programa Jovem Trabalhador \u00e0 Secretaria Nacional dos Direitos da Pessoa com Defici\u00eancia"},"content":{"rendered":"\n<p>O Governo do Tocantins, por meio da Secretaria de Estado do Trabalho e Desenvolvimento Social (Setas), apresentou nesta ter\u00e7a-feira, 30, para a secret\u00e1ria nacional dos Direitos da Pessoa com Defici\u00eancia, Anna Paula Feminella, as a\u00e7\u00f5es que v\u00eam sendo desempenhadas pelo programa&nbsp;<em>Jovem Trabalhador<\/em>, para inserir as pessoas com defici\u00eancia no mercado de trabalho.<\/p>\n\n\n\n<p>O&nbsp;<em>Jovem Trabalhador<\/em>&nbsp;\u00e9 o maior programa de primeiro emprego da Regi\u00e3o Norte do Brasil e tem como objetivo inserir no mercado de trabalho 3 mil adolescentes e jovens em situa\u00e7\u00e3o de vulnerabilidade social, com idade entre 16 e 21 anos, residentes nos munic\u00edpios tocantinenses. O programa \u00e9 financiado com recursos do Fundo Estadual de Combate e Erradica\u00e7\u00e3o da Pobreza (Fecoep-TO) e executado pela Rede Nacional de Aprendizagem, Promo\u00e7\u00e3o Social e Integra\u00e7\u00e3o (Renapsi).<\/p>\n\n\n\n<p>Entre os p\u00fablicos atendidos pelo programa est\u00e3o as pessoas com defici\u00eancia, que atualmente j\u00e1 s\u00e3o 61 contratadas. Na ocasi\u00e3o, o secret\u00e1rio de Estado do Trabalho e Desenvolvimento Social, Jonis Cala\u00e7a, explicou como s\u00e3o realizados a contrata\u00e7\u00e3o e o preparo das equipes que recebem os jovens e as pessoas com defici\u00eancias nos \u00f3rg\u00e3os p\u00fablicos. \u201cO&nbsp;<em>Jovem Trabalhador<\/em>&nbsp;\u00e9 um programa de inclus\u00e3o social, por meio da capacita\u00e7\u00e3o e da inser\u00e7\u00e3o das pessoas no mercado de trabalho. Nosso p\u00fablico principal \u00e9 o das pessoas em situa\u00e7\u00e3o de vulnerabilidade social e, entre elas, temos uma aten\u00e7\u00e3o especial \u00e0s pessoas com defici\u00eancia, que n\u00e3o precisam atender ao crit\u00e9rio de idade do programa\u201d, pontuou o gestor.&nbsp;<\/p>\n\n\n\n<p>O secret\u00e1rio ressaltou que o principal objetivo da reuni\u00e3o foi apresentar o projeto, com o intuito de expandir a experi\u00eancia para outros estados e ganhar refor\u00e7os para o que tem sido feito no Tocantins. \u201cTemos tido excelentes resultados em nosso estado e o desejo \u00e9 dividir nossa experi\u00eancia, ampli\u00e1-la e refor\u00e7\u00e1-la, incentivando a autonomia das pessoas com defici\u00eancia\u201d, completou o secret\u00e1rio Jonis Cala\u00e7a.&nbsp;<\/p>\n\n\n\n<p>A secret\u00e1ria nacional dos Direitos da Pessoa com Defici\u00eancia, Anna Paula Feminella, parabenizou o Governo do Tocantins pela iniciativa e apresentou in\u00fameras a\u00e7\u00f5es do&nbsp;<em>Plano Viver sem Limites<\/em>, que s\u00e3o complementares \u00e0s a\u00e7\u00f5es j\u00e1 desempenhadas no Tocantins. \u201cA experi\u00eancia de voc\u00eas tem que ir para o Brasil, proponho uma visita nossa ao ministro do Trabalho com esse objetivo\u201d, enfatizou.&nbsp;<\/p>\n\n\n\n<p>A gerente da Renapsi no Tocantins, Patr\u00edcia Lucena, tamb\u00e9m esteve presente na reuni\u00e3o, compartilhando as experi\u00eancias exitosas do programa e esclarecendo d\u00favidas quanto aos direitos das pessoas com defici\u00eancia. Ao final do encontro, a gerente fez a entrega simb\u00f3lica de uma camiseta e um crach\u00e1, que s\u00e3o usados pelos jovens contratados, \u00e0 secret\u00e1ria nacional Anna Paula Feminella.<\/p>\n\n\n\n<p><strong>Sele\u00e7\u00e3o<\/strong><\/p>\n\n\n\n<p>As vagas para o programa continuam abertas e, para se inscrever,&nbsp;\u00e9 preciso acessar o&nbsp;<a href=\"https:\/\/jovemtrabalhadorto.org.br\/\">site<\/a>&nbsp;e preencher a inscri\u00e7\u00e3o. Podem participar jovens com idades entre 16 e 21 anos, que j\u00e1 conclu\u00edram ou est\u00e3o cursando o ensino m\u00e9dio em escola p\u00fablica, ou que s\u00e3o bolsistas integrais em institui\u00e7\u00f5es particulares, regra que tamb\u00e9m se aplica em caso de o jovem ser estudante universit\u00e1rio.<\/p>\n\n\n\n<p>A renda familiar do candidato deve ser de at\u00e9 dois sal\u00e1rios-m\u00ednimos nacional ou meio sal\u00e1rio-m\u00ednimo&nbsp;<em>per capita<\/em>. Al\u00e9m disso, a fam\u00edlia deve estar preferencialmente inscrita em programas sociais do governo. O programa disponibiliza cotas de 5% a 10% para Pessoas com Defici\u00eancia (PcD), sem exig\u00eancia de idade m\u00e1xima de 21 anos. Haver\u00e1, ainda, cotas para jovens do sistema socioeducativo e prioridade na contrata\u00e7\u00e3o de jovens ribeirinhos, ind\u00edgenas e quilombolas.<\/p>\n","protected":false},"excerpt":{"rendered":"<p>O Governo do Tocantins, por meio da Secretaria de Estado do Trabalho e Desenvolvimento Social (Setas), apresentou nesta ter\u00e7a-feira, 30, para a secret\u00e1ria nacional dos Direitos da Pessoa com Defici\u00eancia, Anna Paula Feminella, as a\u00e7\u00f5es que v\u00eam sendo desempenhadas pelo programa&nbsp;Jovem Trabalhador, para inserir as pessoas com defici\u00eancia no mercado de trabalho. O&nbsp;Jovem Trabalhador&nbsp;\u00e9 o [&hellip;]<\/p>\n","protected":false},"author":2,"featured_media":19252,"comment_status":"open","ping_status":"open","sticky":false,"template":"","format":"standard","meta":[],"categories":[3],"tags":[13],"_links":{"self":[{"href":"https:\/\/dgospel.com.br\/portal\/index.php\/wp-json\/wp\/v2\/posts\/19251"}],"collection":[{"href":"https:\/\/dgospel.com.br\/portal\/index.php\/wp-json\/wp\/v2\/posts"}],"about":[{"href":"https:\/\/dgospel.com.br\/portal\/index.php\/wp-json\/wp\/v2\/types\/post"}],"author":[{"embeddable":true,"href":"https:\/\/dgospel.com.br\/portal\/index.php\/wp-json\/wp\/v2\/users\/2"}],"replies":[{"embeddable":true,"href":"https:\/\/dgospel.com.br\/portal\/index.php\/wp-json\/wp\/v2\/comments?post=19251"}],"version-history":[{"count":1,"href":"https:\/\/dgospel.com.br\/portal\/index.php\/wp-json\/wp\/v2\/posts\/19251\/revisions"}],"predecessor-version":[{"id":19253,"href":"https:\/\/dgospel.com.br\/portal\/index.php\/wp-json\/wp\/v2\/posts\/19251\/revisions\/19253"}],"wp:featuredmedia":[{"embeddable":true,"href":"https:\/\/dgospel.com.br\/portal\/index.php\/wp-json\/wp\/v2\/media\/19252"}],"wp:attachment":[{"href":"https:\/\/dgospel.com.br\/portal\/index.php\/wp-json\/wp\/v2\/media?parent=19251"}],"wp:term":[{"taxonomy":"category","embeddable":true,"href":"https:\/\/dgospel.com.br\/portal\/index.php\/wp-json\/wp\/v2\/categories?post=19251"},{"taxonomy":"post_tag","embeddable":true,"href":"https:\/\/dgospel.com.br\/portal\/index.php\/wp-json\/wp\/v2\/tags?post=19251"}],"curies":[{"name":"wp","href":"https:\/\/api.w.org\/{rel}","templated":true}]}}