{"id":19254,"date":"2024-05-01T20:01:56","date_gmt":"2024-05-01T23:01:56","guid":{"rendered":"https:\/\/dgospel.com.br\/portal\/?p=19254"},"modified":"2024-05-01T20:01:58","modified_gmt":"2024-05-01T23:01:58","slug":"governador-wanderlei-barbosa-concede-data-base-de-371-aos-servidores-efetivos-e-comissionados","status":"publish","type":"post","link":"https:\/\/dgospel.com.br\/portal\/index.php\/2024\/05\/01\/governador-wanderlei-barbosa-concede-data-base-de-371-aos-servidores-efetivos-e-comissionados\/","title":{"rendered":"Governador Wanderlei Barbosa concede data-base de 3,71% aos servidores efetivos e comissionados"},"content":{"rendered":"\n<p>Na Medida Provis\u00f3ria (MP) de n\u00b0 11\/2024, publicada nesta ter\u00e7a-feira, 30, no Di\u00e1rio Oficial do Estado (DOE), o governador do Tocantins, Wanderlei Barbosa, concedeu para todas as categorias que comp\u00f5em o servi\u00e7o p\u00fablico do Executivo a proposta de reajuste em 3,71% na data-base de 2024. O reajuste se estende igualmente para os sal\u00e1rios dos servidores comissionados por meio da MP de n\u00b0 12\/2024, tamb\u00e9m apresentada no DOE.<\/p>\n\n\n\n<p>Conforme mensagem enviada \u00e0 Assembleia Legislativa, o chefe do Executivo afirma que as propostas s\u00e3o uma forma de reposi\u00e7\u00e3o das perdas inflacion\u00e1rias de 2023, respeitada a&nbsp;<em>capacidade or\u00e7ament\u00e1rio-financeira do Estado&#8221;<\/em>.<\/p>\n\n\n\n<p>&#8220;Estamos honrando nossos compromissos com os servidores, concedendo um reajuste de 3,71%, alinhado com a infla\u00e7\u00e3o do ano passado. Esse aumento ser\u00e1 aplicado de forma equitativa a todas as carreiras, e \u00e9 importante ressaltar que est\u00e1 sendo concedido dentro das possibilidades or\u00e7ament\u00e1rias do Estado, sem prejudicar os servi\u00e7os essenciais \u00e0 sociedade. Seguiremos investindo em obras e assegurando a oferta cont\u00ednua de servi\u00e7os p\u00fablicos em todas as \u00e1reas para a popula\u00e7\u00e3o&#8221;, declarou Wanderlei Barbosa.<\/p>\n\n\n\n<p>Para o secret\u00e1rio da Administra\u00e7\u00e3o (Secad), Paulo C\u00e9sar Benfica Filho, a publica\u00e7\u00e3o do reajuste anual consolida o compromisso do Governo com os servidores. \u201cA concess\u00e3o da data-base reafirma o compromisso do governador Wanderlei Barbosa em respeitar e honrar os direitos fundamentais dos servidores, reconhecendo seu papel essencial no funcionamento e progresso do nosso estado, obviamente, tendo como base e respeitando sempre a capacidade financeira e or\u00e7ament\u00e1ria\u201d, frisou o gestor.<\/p>\n\n\n\n<p><strong>Medidas Provis\u00f3rias<\/strong><\/p>\n\n\n\n<p>A Medida Provis\u00f3ria de n\u00b0 11\/2024 disp\u00f5e sobre a revis\u00e3o anual da remunera\u00e7\u00e3o dos servidores p\u00fablicos ativos, inativos e pensionistas da Administra\u00e7\u00e3o Direta e Indireta do Poder Executivo. J\u00e1 a MP n\u00b0 12\/2024 altera a Lei no 3.421, de 8 de mar\u00e7o de 2019, e a Lei no 3.124, de 14 de julho de 2016, que concede reajuste aos servidores comissionados e adota outras provid\u00eancias. Estas Medidas Provis\u00f3rias entraram em vigor na data de suas publica\u00e7\u00f5es, produzindo efeitos financeiros a partir de 1\u00b0 de maio de 2024.<\/p>\n\n\n\n<p><img src=\"https:\/\/central.to.gov.br\/image\/375138?w=670&amp;h=383\"><\/p>\n\n\n\n<p>Conforme mensagem enviada \u00e0 Assembleia Legislativa, o chefe do Executivo afirma que as propostas s\u00e3o uma forma de reposi\u00e7\u00e3o das perdas inflacion\u00e1rias de 2023, respeitada a capacidade or\u00e7ament\u00e1rio-financeira do Estado &#8211; Adilvan Nogueira\/Governo do Tocantins<\/p>\n","protected":false},"excerpt":{"rendered":"<p>Na Medida Provis\u00f3ria (MP) de n\u00b0 11\/2024, publicada nesta ter\u00e7a-feira, 30, no Di\u00e1rio Oficial do Estado (DOE), o governador do Tocantins, Wanderlei Barbosa, concedeu para todas as categorias que comp\u00f5em o servi\u00e7o p\u00fablico do Executivo a proposta de reajuste em 3,71% na data-base de 2024. O reajuste se estende igualmente para os sal\u00e1rios dos servidores [&hellip;]<\/p>\n","protected":false},"author":2,"featured_media":19255,"comment_status":"open","ping_status":"open","sticky":false,"template":"","format":"standard","meta":[],"categories":[3],"tags":[13],"_links":{"self":[{"href":"https:\/\/dgospel.com.br\/portal\/index.php\/wp-json\/wp\/v2\/posts\/19254"}],"collection":[{"href":"https:\/\/dgospel.com.br\/portal\/index.php\/wp-json\/wp\/v2\/posts"}],"about":[{"href":"https:\/\/dgospel.com.br\/portal\/index.php\/wp-json\/wp\/v2\/types\/post"}],"author":[{"embeddable":true,"href":"https:\/\/dgospel.com.br\/portal\/index.php\/wp-json\/wp\/v2\/users\/2"}],"replies":[{"embeddable":true,"href":"https:\/\/dgospel.com.br\/portal\/index.php\/wp-json\/wp\/v2\/comments?post=19254"}],"version-history":[{"count":1,"href":"https:\/\/dgospel.com.br\/portal\/index.php\/wp-json\/wp\/v2\/posts\/19254\/revisions"}],"predecessor-version":[{"id":19256,"href":"https:\/\/dgospel.com.br\/portal\/index.php\/wp-json\/wp\/v2\/posts\/19254\/revisions\/19256"}],"wp:featuredmedia":[{"embeddable":true,"href":"https:\/\/dgospel.com.br\/portal\/index.php\/wp-json\/wp\/v2\/media\/19255"}],"wp:attachment":[{"href":"https:\/\/dgospel.com.br\/portal\/index.php\/wp-json\/wp\/v2\/media?parent=19254"}],"wp:term":[{"taxonomy":"category","embeddable":true,"href":"https:\/\/dgospel.com.br\/portal\/index.php\/wp-json\/wp\/v2\/categories?post=19254"},{"taxonomy":"post_tag","embeddable":true,"href":"https:\/\/dgospel.com.br\/portal\/index.php\/wp-json\/wp\/v2\/tags?post=19254"}],"curies":[{"name":"wp","href":"https:\/\/api.w.org\/{rel}","templated":true}]}}