{"id":19257,"date":"2024-05-01T20:06:43","date_gmt":"2024-05-01T23:06:43","guid":{"rendered":"https:\/\/dgospel.com.br\/portal\/?p=19257"},"modified":"2024-05-01T20:06:44","modified_gmt":"2024-05-01T23:06:44","slug":"governador-wanderlei-barbosa-parabeniza-trabalhadores-e-celebra-o-maior-patamar-de-empregados-no-tocantins","status":"publish","type":"post","link":"https:\/\/dgospel.com.br\/portal\/index.php\/2024\/05\/01\/governador-wanderlei-barbosa-parabeniza-trabalhadores-e-celebra-o-maior-patamar-de-empregados-no-tocantins\/","title":{"rendered":"Governador Wanderlei Barbosa parabeniza trabalhadores e celebra o maior patamar de empregados no Tocantins"},"content":{"rendered":"\n<p>No dia do trabalhador, comemorado nesta quarta-feira, 1\u00ba de maio, o Tocantins tem muito a comemorar. O trabalho da gest\u00e3o do governador Wanderlei Barbosa segue implementando pol\u00edticas p\u00fablicas que ampliam as vagas de emprego, capacitam profissionais e inserem jovens no mercado de trabalho, tanto que o Estado conquistou \u00edndice baixo de pessoas n\u00e3o empregadas. Na esfera p\u00fablica estadual, o Governo do Tocantins tamb\u00e9m vem garantindo e ampliando os direitos dos servidores do Estado.<\/p>\n\n\n\n<p>&#8220;Dia 1\u00ba de maio. Dia do trabalhador. Quero cumprimentar a todos, da iniciativa privada e tamb\u00e9m do servi\u00e7o p\u00fablico, todos aqueles que fazem o progresso do nosso Tocantins. O Tocantins \u00e9 um dos estados do Brasil que abre as empresas com maior rapidez em todo o territ\u00f3rio, com isso a gera\u00e7\u00e3o de muitos postos de trabalho, que reduziu o \u00edndice de desemprego do nosso Tocantins de 11% para menos de 6%. No servi\u00e7o p\u00fablico, o nosso Governo sempre valorizou o nosso trabalhador e a nossa trabalhadora. Quero agradecer a todos os nossos trabalhadores que atuam diariamente para crescer o nosso Estado e aquecer a nossa economia. S\u00e3o voc\u00eas que neste momento recebem o abra\u00e7o do nosso Governo. Muito obrigado e parab\u00e9ns a todos os nossos trabalhadores e trabalhadoras&#8221;, expressou o governador Wanderlei Barbosa em discurso oficial, transmitido nos meios de comunica\u00e7\u00e3o e nas redes sociais.<\/p>\n\n\n\n<p><strong>Vagas de empregos e oportunidade<\/strong><\/p>\n\n\n\n<p>Os n\u00fameros s\u00e3o evid\u00eancias desse progresso. O Tocantins finalizou o ano de 2023 conseguindo reduzir significativamente os \u00edndices de desemprego, de acordo com levantamento do Instituto Brasileiro de Geografia e Estat\u00edstica (IBGE). Enquanto a taxa anual de desocupa\u00e7\u00e3o do pa\u00eds atingiu 7,8% no ano passado, o Tocantins se destacou ao alcan\u00e7ar uma das maiores redu\u00e7\u00f5es na taxa de desemprego em compara\u00e7\u00e3o com outros estados, caindo para 5,8%. O estado teve um saldo de 13,3 mil empregos com carteira assinada no ano passado. O saldo tocantinense foi o terceiro maior da regi\u00e3o Norte, atr\u00e1s apenas do Par\u00e1 e Amazonas.<\/p>\n\n\n\n<p>De acordo com os dados divulgados pelo Minist\u00e9rio do Trabalho e Emprego (MTE), por meio do Cadastro Geral de Empregados e Desempregados (Caged), o Tocantins continuou, em 2024, apresentando resultados favor\u00e1veis em rela\u00e7\u00e3o aos v\u00ednculos trabalhistas. Nos tr\u00eas primeiros meses de 2024, o Estado registrou o saldo positivo de 4.651 novos postos de trabalho formais. Ocorreram nesse per\u00edodo 35.238 admiss\u00f5es em contrapartida a 30.587 demiss\u00f5es.<\/p>\n\n\n\n<p>\u201cO Governo do Tocantins, por meio da Setas, promove a\u00e7\u00f5es de capacita\u00e7\u00e3o e qualifica\u00e7\u00e3o para os trabalhadores de modo a possibilitar a inser\u00e7\u00e3o ou uma nova coloca\u00e7\u00e3o no mercado de trabalho. Essas a\u00e7\u00f5es t\u00eam reflexo nos n\u00fameros positivos divulgados pelo Caged e na qualidade da execu\u00e7\u00e3o dos servi\u00e7os em nosso Estado. Outro bom motivo para comemorar \u00e9 o maior programa de inclus\u00e3o profissional de jovens da regi\u00e3o Norte do pa\u00eds, o Jovem Trabalhador do Tocantins, que atualmente est\u00e1 com mais de 2,5 mil jovens trabalhando nos 139 munic\u00edpios tocantinenses, o que tem impactado positivamente a vida profissional dos jovens participantes do Programa\u201d, refor\u00e7a o secret\u00e1rio do Trabalho e Desenvolvimento Social (Setas), Jonis Cala\u00e7a.<\/p>\n\n\n\n<p><strong>Jovem Trabalhador<\/strong><\/p>\n\n\n\n<p>Sobre o Jovem Trabalhador, citado pelo secret\u00e1rio Jonis Cala\u00e7a, ele \u00e9 o maior programa de primeiro emprego do Norte do Brasil e tem por objetivo inserir no mercado de trabalho cerca de 3 mil adolescentes e jovens. Foi lan\u00e7ado em maio de 2023 por meio da Secretaria do Trabalho e Desenvolvimento Social (Setas) e da Rede Nacional de Aprendizagem, Promo\u00e7\u00e3o Social e Integra\u00e7\u00e3o (Renapsi), &nbsp;empresa contratada para a execu\u00e7\u00e3o do projeto. Os jovens, de 16 a 21 anos, que assinam o contrato de trabalho formal, podem ficar na vaga por at\u00e9 24 meses e, al\u00e9m do sal\u00e1rio m\u00ednimo de hora trabalhada, recebem uniforme, crach\u00e1, vale-transporte (quando houver necessidade), 13\u00b0 sal\u00e1rio, seguro de vida, f\u00e9rias e atendimento psicossocial e psicopedag\u00f3gico.<\/p>\n\n\n\n<p><strong>Apoio ao trabalhador<\/strong><\/p>\n\n\n\n<p>Al\u00e9m da importante contribui\u00e7\u00e3o dada pelo programa Jovem Trabalhador, o Governo do Tocantins, por meio da Setas e do Sistema Nacional de Empregos (Sine), fortaleceu o mercado de trabalho estadual, apoiando empregadores e trabalhadores. Entre os servi\u00e7os oferecidos pelo Sine Tocantins est\u00e3o, intermedia\u00e7\u00e3o de m\u00e3o de obra, qualifica\u00e7\u00e3o profissional e orienta\u00e7\u00f5es sobre carteira de trabalho e seguro-desemprego. Em 2023, o Sine realizou, em seus doze postos, 84.438 atendimentos, dos quais foram cadastradas e disponibilizadas, ao trabalhador tocantinense, 8.571 vagas de emprego e realizados 19.483 procedimentos de encaminhamento, o que permitiu a coloca\u00e7\u00e3o de 1.087 trabalhadores no mercado de trabalho. Nos primeiros quatros meses de 2024 foram realizados 20.507 atendimentos e 1.947 vagas de disponibilizadas pelo \u00f3rg\u00e3o. A \u00faltima unidade inaugurada do Sine foi entregue no dia 25 de mar\u00e7o do presente ano, no distrito de Luzimangues, em Porto Nacional.<\/p>\n\n\n\n<p><strong>Servidores p\u00fablicos valorizados<\/strong><\/p>\n\n\n\n<p>As progress\u00f5es e promo\u00e7\u00f5es realizadas pelo Governo do Tocantins tamb\u00e9m geram reconhecimento e valoriza\u00e7\u00e3o entre os servidores estaduais. S\u00e3o cerca de 80 mil progress\u00f5es concedidas na gest\u00e3o do governador Wanderlei Barbosa para todos os quadros do Poder Executivo do Tocantins. O Governo do Tocantins vem desenvolvendo uma verdadeira transforma\u00e7\u00e3o na rela\u00e7\u00e3o entre os servidores p\u00fablicos e o Estado. Somente no m\u00eas de mar\u00e7o deste ano, foram publicadas no Di\u00e1rio Oficial do Estado aproximadamente 15 mil progress\u00f5es funcionais dos servidores aptos, referentes aos anos de 2022 e 2023, por meio da Medida Provis\u00f3ria n\u00ba 8, assinada pelo governador Wanderlei Barbosa.<\/p>\n\n\n\n<p>O servidor do Quadro Geral, Raphael Victor Costa, destaca que a a\u00e7\u00e3o do Governo do Tocantins demonstra reconhecimento e valoriza\u00e7\u00e3o pelo trabalho dos servidores. \u201cEu fiquei muito feliz com o an\u00fancio do pagamento das progress\u00f5es feito pelo governador Wanderlei Barbosa. Entrei no quadro de servidores p\u00fablicos do Estado em 2013, e desde ent\u00e3o foi a primeira vez que vi uma gest\u00e3o empenhada em regularizar a situa\u00e7\u00e3o das progress\u00f5es funcionais. Isso demonstra o reconhecimento e a valoriza\u00e7\u00e3o do Governador pelo nosso trabalho\u201d, disse.<\/p>\n\n\n\n<p>Ainda nos primeiros meses de 2024, o governador Wanderlei Barbosa concedeu outros benef\u00edcios a v\u00e1rias classes profissionais do Governo do Tocantins, como o aux\u00edlio-alimenta\u00e7\u00e3o no valor de R$ 300,00, ap\u00f3s a san\u00e7\u00e3o da Lei n\u00ba 4.379, para concursados, contratados e comissionados que recebem remunera\u00e7\u00e3o de at\u00e9 R$ 2.824,00. E tamb\u00e9m autorizou a Indeniza\u00e7\u00e3o por Sujei\u00e7\u00e3o ao Trabalho de Assist\u00eancia T\u00e9cnica e Extens\u00e3o Rural (Istater), no valor de R$ 800,00 para os extensionistas do Instituto de Desenvolvimento Rural do Estado do Tocantins (Ruraltins).<\/p>\n\n\n\n<p>Outra importante a\u00e7\u00e3o da gest\u00e3o do Governo do Tocantins neste in\u00edcio de ano, foi a valoriza\u00e7\u00e3o da for\u00e7a de trabalho na educa\u00e7\u00e3o estadual. Mais de 4 mil profissionais aprovados no certame da Secretaria da Educa\u00e7\u00e3o (Seduc) j\u00e1 foram convocados para posse. E com investimento de R$ 49.798.000,00 por parte do Governo do Estado, por meio da Seduc, 14 mil profissionais da educa\u00e7\u00e3o da rede estadual de ensino receberam notebooks.<\/p>\n\n\n\n<p><img src=\"https:\/\/central.to.gov.br\/image\/375145?w=670&amp;h=383\"><\/p>\n\n\n\n<p>O Jovem Trabalhador \u00e9 o maior programa de primeiro emprego do Norte do Brasil e tem por objetivo inserir no mercado de trabalho cerca de 3 mil adolescentes e jovens &#8211; Alexandre Alves\/Governo do Tocantins\u00a0<\/p>\n\n\n\n<p><img src=\"https:\/\/central.to.gov.br\/image\/375144?w=670&amp;h=383\"><\/p>\n\n\n\n<p>O secret\u00e1rio da Setas, Jonis Cala\u00e7a, afirma que o Governo do Tocantins promove a\u00e7\u00f5es de capacita\u00e7\u00e3o e qualifica\u00e7\u00e3o para os trabalhadores de modo a possibilitar a inser\u00e7\u00e3o ou uma nova coloca\u00e7\u00e3o no mercado de trabalho &#8211; Adilvan Nogueira\/Governo do Tocantins\u00a0<\/p>\n\n\n\n<p><img src=\"https:\/\/central.to.gov.br\/image\/375146?w=670&amp;h=383\"><\/p>\n\n\n\n<p>O servidor do Quadro Geral, Raphael Victor Costa, destaca que a a\u00e7\u00e3o do Governo do Tocantins demonstra reconhecimento e valoriza\u00e7\u00e3o pelo trabalho dos servidores &#8211; Adilvan Nogueira\/Governo do Tocantins\u00a0<\/p>\n\n\n\n<p><img src=\"https:\/\/central.to.gov.br\/image\/375143?w=670&amp;h=383\"><\/p>\n\n\n\n<p>Em evento no Pal\u00e1cio Araguaia, o governador Wanderlei Barbosa autorizou a Indeniza\u00e7\u00e3o por Sujei\u00e7\u00e3o ao Trabalho de Assist\u00eancia T\u00e9cnica e Extens\u00e3o Rural (Istater), no valor de R$ 800,00 &#8211; Aldemar Ribeiro\/Governo do Tocantins\u00a0<\/p>\n\n\n\n<p><img src=\"https:\/\/central.to.gov.br\/image\/375142?w=670&amp;h=383\"><\/p>\n\n\n\n<p>O governador do Tocantins, Wanderlei Barbosa e o secret\u00e1rio da Seduc, F\u00e1bio Vaz, entregaram 14 mil notebooks aos profissionais da educa\u00e7\u00e3o da rede estadual de ensino &#8211; Marcio Vieira\/Governo do Tocantins\u00a0<\/p>\n\n\n\n<p><img src=\"https:\/\/central.to.gov.br\/image\/375141?w=670&amp;h=383\"><\/p>\n\n\n\n<p>&#8220;Dia 1\u00ba de maio. Dia do trabalhador. Quero cumprimentar a todos, da iniciativa privada e tamb\u00e9m do servi\u00e7o p\u00fablico, todos aqueles que fazem o progresso do nosso Tocantins,\u201d afirmou o Governador &#8211; Marcio Vieira\/Governo do Tocantins\u00a0<\/p>\n","protected":false},"excerpt":{"rendered":"<p>No dia do trabalhador, comemorado nesta quarta-feira, 1\u00ba de maio, o Tocantins tem muito a comemorar. O trabalho da gest\u00e3o do governador Wanderlei Barbosa segue implementando pol\u00edticas p\u00fablicas que ampliam as vagas de emprego, capacitam profissionais e inserem jovens no mercado de trabalho, tanto que o Estado conquistou \u00edndice baixo de pessoas n\u00e3o empregadas. Na [&hellip;]<\/p>\n","protected":false},"author":2,"featured_media":19258,"comment_status":"open","ping_status":"open","sticky":false,"template":"","format":"standard","meta":[],"categories":[3],"tags":[13],"_links":{"self":[{"href":"https:\/\/dgospel.com.br\/portal\/index.php\/wp-json\/wp\/v2\/posts\/19257"}],"collection":[{"href":"https:\/\/dgospel.com.br\/portal\/index.php\/wp-json\/wp\/v2\/posts"}],"about":[{"href":"https:\/\/dgospel.com.br\/portal\/index.php\/wp-json\/wp\/v2\/types\/post"}],"author":[{"embeddable":true,"href":"https:\/\/dgospel.com.br\/portal\/index.php\/wp-json\/wp\/v2\/users\/2"}],"replies":[{"embeddable":true,"href":"https:\/\/dgospel.com.br\/portal\/index.php\/wp-json\/wp\/v2\/comments?post=19257"}],"version-history":[{"count":1,"href":"https:\/\/dgospel.com.br\/portal\/index.php\/wp-json\/wp\/v2\/posts\/19257\/revisions"}],"predecessor-version":[{"id":19259,"href":"https:\/\/dgospel.com.br\/portal\/index.php\/wp-json\/wp\/v2\/posts\/19257\/revisions\/19259"}],"wp:featuredmedia":[{"embeddable":true,"href":"https:\/\/dgospel.com.br\/portal\/index.php\/wp-json\/wp\/v2\/media\/19258"}],"wp:attachment":[{"href":"https:\/\/dgospel.com.br\/portal\/index.php\/wp-json\/wp\/v2\/media?parent=19257"}],"wp:term":[{"taxonomy":"category","embeddable":true,"href":"https:\/\/dgospel.com.br\/portal\/index.php\/wp-json\/wp\/v2\/categories?post=19257"},{"taxonomy":"post_tag","embeddable":true,"href":"https:\/\/dgospel.com.br\/portal\/index.php\/wp-json\/wp\/v2\/tags?post=19257"}],"curies":[{"name":"wp","href":"https:\/\/api.w.org\/{rel}","templated":true}]}}