{"id":19263,"date":"2024-05-02T18:11:22","date_gmt":"2024-05-02T21:11:22","guid":{"rendered":"https:\/\/dgospel.com.br\/portal\/?p=19263"},"modified":"2024-05-02T18:11:23","modified_gmt":"2024-05-02T21:11:23","slug":"leo-barbosa-apresenta-pl-que-assegura-as-gestantes-o-direito-de-fazerem-ultrassonografias-morfologicas-pela-rede-publica-de-saude","status":"publish","type":"post","link":"https:\/\/dgospel.com.br\/portal\/index.php\/2024\/05\/02\/leo-barbosa-apresenta-pl-que-assegura-as-gestantes-o-direito-de-fazerem-ultrassonografias-morfologicas-pela-rede-publica-de-saude\/","title":{"rendered":"L\u00e9o Barbosa apresenta PL que assegura \u00e0s gestantes o direito de fazerem ultrassonografias morfol\u00f3gicas pela rede p\u00fablica de sa\u00fade"},"content":{"rendered":"\n<p>Tramita na Assembleia Legislativa do Tocantins (Aleto), um Projeto de Lei de autoria do&nbsp;deputado estadual L\u00e9o Barbosa (Republicanos)&nbsp;que assegura \u00e0s gestantes o direito de realizarem exames de Ultrassonografias Morfol\u00f3gicas pela rede p\u00fablica de sa\u00fade do Tocantins, em dois momentos do per\u00edodo de gesta\u00e7\u00e3o: No primeiro trimestre, entre a 11\u00aa e 14\u00aa semana de gesta\u00e7\u00e3o, com a medida de transluc\u00eancia nucal; e no segundo trimestre, entre a 20\u00aa e 24\u00aa semana de gesta\u00e7\u00e3o, com a avalia\u00e7\u00e3o da morfologia fetal.<\/p>\n\n\n\n<p>Segundo a justificativa da mat\u00e9ria, esses exames n\u00e3o possuem oferta obrigat\u00f3ria pelo Sistema \u00fanico de Sa\u00fade, mas s\u00e3o necess\u00e1rios para avaliar com riqueza de detalhes a sa\u00fade e o desenvolvimento do beb\u00ea, possibilitando o rastreamento de doen\u00e7as e&nbsp;de malforma\u00e7\u00f5es fetais, com o prop\u00f3sito de diagnosticar e aconselhar precocemente a fam\u00edlia.<\/p>\n\n\n\n<p>Durante a apresenta\u00e7\u00e3o do projeto, Barbosa falou sobre a dificuldade que muitas fam\u00edlias encontram em realizar os exames, por n\u00e3o conseguirem arcar com os custos. \u201cSabemos o quanto estes exames s\u00e3o importantes para obter diagn\u00f3stico precoce de doen\u00e7as e para o aconselhamento durante o pr\u00e9-natal, mas muitas fam\u00edlias n\u00e3o possuem condi\u00e7\u00f5es financeiras de pagar por eles na rede particular e as gr\u00e1vidas terminam o per\u00edodo de gesta\u00e7\u00e3o sem realiz\u00e1-los\u201d, disse L\u00e9o.<\/p>\n","protected":false},"excerpt":{"rendered":"<p>Tramita na Assembleia Legislativa do Tocantins (Aleto), um Projeto de Lei de autoria do&nbsp;deputado estadual L\u00e9o Barbosa (Republicanos)&nbsp;que assegura \u00e0s gestantes o direito de realizarem exames de Ultrassonografias Morfol\u00f3gicas pela rede p\u00fablica de sa\u00fade do Tocantins, em dois momentos do per\u00edodo de gesta\u00e7\u00e3o: No primeiro trimestre, entre a 11\u00aa e 14\u00aa semana de gesta\u00e7\u00e3o, com [&hellip;]<\/p>\n","protected":false},"author":2,"featured_media":19264,"comment_status":"open","ping_status":"open","sticky":false,"template":"","format":"standard","meta":[],"categories":[8],"tags":[],"_links":{"self":[{"href":"https:\/\/dgospel.com.br\/portal\/index.php\/wp-json\/wp\/v2\/posts\/19263"}],"collection":[{"href":"https:\/\/dgospel.com.br\/portal\/index.php\/wp-json\/wp\/v2\/posts"}],"about":[{"href":"https:\/\/dgospel.com.br\/portal\/index.php\/wp-json\/wp\/v2\/types\/post"}],"author":[{"embeddable":true,"href":"https:\/\/dgospel.com.br\/portal\/index.php\/wp-json\/wp\/v2\/users\/2"}],"replies":[{"embeddable":true,"href":"https:\/\/dgospel.com.br\/portal\/index.php\/wp-json\/wp\/v2\/comments?post=19263"}],"version-history":[{"count":1,"href":"https:\/\/dgospel.com.br\/portal\/index.php\/wp-json\/wp\/v2\/posts\/19263\/revisions"}],"predecessor-version":[{"id":19265,"href":"https:\/\/dgospel.com.br\/portal\/index.php\/wp-json\/wp\/v2\/posts\/19263\/revisions\/19265"}],"wp:featuredmedia":[{"embeddable":true,"href":"https:\/\/dgospel.com.br\/portal\/index.php\/wp-json\/wp\/v2\/media\/19264"}],"wp:attachment":[{"href":"https:\/\/dgospel.com.br\/portal\/index.php\/wp-json\/wp\/v2\/media?parent=19263"}],"wp:term":[{"taxonomy":"category","embeddable":true,"href":"https:\/\/dgospel.com.br\/portal\/index.php\/wp-json\/wp\/v2\/categories?post=19263"},{"taxonomy":"post_tag","embeddable":true,"href":"https:\/\/dgospel.com.br\/portal\/index.php\/wp-json\/wp\/v2\/tags?post=19263"}],"curies":[{"name":"wp","href":"https:\/\/api.w.org\/{rel}","templated":true}]}}