{"id":19266,"date":"2024-05-02T18:19:22","date_gmt":"2024-05-02T21:19:22","guid":{"rendered":"https:\/\/dgospel.com.br\/portal\/?p=19266"},"modified":"2024-05-02T18:19:22","modified_gmt":"2024-05-02T21:19:22","slug":"fiasco-ato-de-1o-de-maio-com-lula-reuniu-1-635-pessoas-diz-usp","status":"publish","type":"post","link":"https:\/\/dgospel.com.br\/portal\/index.php\/2024\/05\/02\/fiasco-ato-de-1o-de-maio-com-lula-reuniu-1-635-pessoas-diz-usp\/","title":{"rendered":"Fiasco: Ato de 1\u00ba de Maio com Lula reuniu 1.635 pessoas, diz USP"},"content":{"rendered":"\n<p>O ato de Lula junto \u00e0s centrais sindicais neste 1\u00ba de Maio, em S\u00e3o Paulo, reuniu 1.635 pessoas, de acordo com o \u201cMonitor do debate pol\u00edtico\u201d, da Escola de Artes, Ci\u00eancias e Humanidades (EACH) da USP. A margem de erro \u00e9 de 12%, o que significa a possibilidade de uma diferen\u00e7a de 196 pessoas para mais ou para menos.<\/p>\n\n\n\n<p>A contagem foi considerada no momento de maior preenchimento do espa\u00e7o pelo p\u00fablico, \u00e0s 13h46, cinco minutos antes de Lula discursar.<\/p>\n\n\n\n<p>O presidente demonstrou clara irrita\u00e7\u00e3o com a baixa ades\u00e3o ao ato. Segundo o petista, a convoca\u00e7\u00e3o para o evento de 1\u00ba de Maio, realizado no estacionamento do est\u00e1dio do Corinthians, em Itaquera, n\u00e3o foi feita como deveria, o que reduziu o p\u00fablico do evento.<\/p>\n\n\n\n<p>No palco, ao apresentar seus ministros, ele culpou M\u00e1rcio Macedo, titular da Secretaria-Geral da Presid\u00eancia, e tentou disfar\u00e7ar o problema de falar para um p\u00fablico bem reduzido.<\/p>\n\n\n\n<p>\u2013 Ele [M\u00e1rcio Macedo] \u00e9 respons\u00e1vel pelo movimento social brasileiro. N\u00e3o pense que vai ficar assim. Voc\u00eas sabem que ontem [ter\u00e7a-feira (30)] eu conversei com ele sobre esse ato e eu disse para ele: \u201cOh, M\u00e1rcio, o ato est\u00e1 mal convocado. O ato est\u00e1 mal convocado. N\u00f3s n\u00e3o fizemos o esfor\u00e7o necess\u00e1rio para levar a quantidade de gente que era preciso levar\u201d. Mas, de qualquer forma, eu estou acostumado a falar com mil, com 1 milh\u00e3o [de pessoas], mas tamb\u00e9m, se for necess\u00e1rio, eu falo apenas com a senhora maravilhosa que est\u00e1 aqui na minha frente pra conversar com a gente \u2013 disse Lula.<\/p>\n","protected":false},"excerpt":{"rendered":"<p>O ato de Lula junto \u00e0s centrais sindicais neste 1\u00ba de Maio, em S\u00e3o Paulo, reuniu 1.635 pessoas, de acordo com o \u201cMonitor do debate pol\u00edtico\u201d, da Escola de Artes, Ci\u00eancias e Humanidades (EACH) da USP. A margem de erro \u00e9 de 12%, o que significa a possibilidade de uma diferen\u00e7a de 196 pessoas para [&hellip;]<\/p>\n","protected":false},"author":2,"featured_media":19267,"comment_status":"open","ping_status":"open","sticky":false,"template":"","format":"standard","meta":[],"categories":[4],"tags":[],"_links":{"self":[{"href":"https:\/\/dgospel.com.br\/portal\/index.php\/wp-json\/wp\/v2\/posts\/19266"}],"collection":[{"href":"https:\/\/dgospel.com.br\/portal\/index.php\/wp-json\/wp\/v2\/posts"}],"about":[{"href":"https:\/\/dgospel.com.br\/portal\/index.php\/wp-json\/wp\/v2\/types\/post"}],"author":[{"embeddable":true,"href":"https:\/\/dgospel.com.br\/portal\/index.php\/wp-json\/wp\/v2\/users\/2"}],"replies":[{"embeddable":true,"href":"https:\/\/dgospel.com.br\/portal\/index.php\/wp-json\/wp\/v2\/comments?post=19266"}],"version-history":[{"count":1,"href":"https:\/\/dgospel.com.br\/portal\/index.php\/wp-json\/wp\/v2\/posts\/19266\/revisions"}],"predecessor-version":[{"id":19268,"href":"https:\/\/dgospel.com.br\/portal\/index.php\/wp-json\/wp\/v2\/posts\/19266\/revisions\/19268"}],"wp:featuredmedia":[{"embeddable":true,"href":"https:\/\/dgospel.com.br\/portal\/index.php\/wp-json\/wp\/v2\/media\/19267"}],"wp:attachment":[{"href":"https:\/\/dgospel.com.br\/portal\/index.php\/wp-json\/wp\/v2\/media?parent=19266"}],"wp:term":[{"taxonomy":"category","embeddable":true,"href":"https:\/\/dgospel.com.br\/portal\/index.php\/wp-json\/wp\/v2\/categories?post=19266"},{"taxonomy":"post_tag","embeddable":true,"href":"https:\/\/dgospel.com.br\/portal\/index.php\/wp-json\/wp\/v2\/tags?post=19266"}],"curies":[{"name":"wp","href":"https:\/\/api.w.org\/{rel}","templated":true}]}}