{"id":19272,"date":"2024-05-02T18:25:14","date_gmt":"2024-05-02T21:25:14","guid":{"rendered":"https:\/\/dgospel.com.br\/portal\/?p=19272"},"modified":"2024-05-02T18:25:15","modified_gmt":"2024-05-02T21:25:15","slug":"malafaia-comenta-fracasso-do-ato-de-lula-e-cita-crime-eleitoral","status":"publish","type":"post","link":"https:\/\/dgospel.com.br\/portal\/index.php\/2024\/05\/02\/malafaia-comenta-fracasso-do-ato-de-lula-e-cita-crime-eleitoral\/","title":{"rendered":"Malafaia comenta \u2018fracasso\u2019 do ato de Lula e cita \u2018crime eleitoral\u2019"},"content":{"rendered":"\n<p>O pastor Silas Malafaia usou suas redes sociais, nesta quarta-feira (1\u00ba), para se manifestar sobre o fiasco do ato de Lula junto \u00e0s centrais sindicais, em S\u00e3o Paulo. Al\u00e9m da baixa ades\u00e3o do p\u00fablico, que vem ocorrendo em eventos do petista, o presidente e o deputado federal Guilherme Boulos (PSOL) fizeram da celebra\u00e7\u00e3o pelo Dia do Trabalhador uma campanha pol\u00edtica, pedindo votos para o ex-coordenador do Movimento dos Trabalhadores Sem Teto (MTST) na corrida pela Prefeitura de S\u00e3o Paulo.<\/p>\n\n\n\n<p>Malafaia, que est\u00e1 em Boston, nos Estados Unidos, para a inaugura\u00e7\u00e3o de uma nova igreja da Assembleia de Deus Vit\u00f3ria em Cristo, n\u00e3o deixou passar a oportunidade e se posicionou sobre o ocorrido no ato petista.<\/p>\n\n\n\n<p>\u2013 Eu n\u00e3o vou deixar passar essa. Que fracasso! Dia 1\u00ba de Maio, at\u00e9 Lula dizendo que a manifesta\u00e7\u00e3o foi mal convocada. Voc\u00eas fazem isso h\u00e1 anos, rapaz. Deixa de desculpa esfarrapada, voc\u00eas n\u00e3o t\u00eam povo n\u00e3o \u2013 come\u00e7ou.<\/p>\n\n\n\n<p>Em seguida, o l\u00edder religioso tocou no assunto do crime eleitoral expl\u00edcito, praticado por Boulos e Lula.<\/p>\n\n\n\n<p>\u2013 T\u00e1 ferrado, hein, Boulos? Esse \u00e9 teu cabo eleitoral? Alexandre de Moraes, cometeram um crime eleitoral! Fizeram propaganda! E a\u00ed, vai fazer alguma coisa ou vai ficar quieto? \u2013 disse Malafaia, se dirigindo ao presidente do Tribunal Superior Eleitoral (TSE).<\/p>\n\n\n\n<p>Quanto \u00e0 baixa ades\u00e3o do p\u00fablico ao evento de Lula, o pastor disparou:<\/p>\n\n\n\n<p>\u2013 Ah, n\u00e3o tinha p\u00e3o com mortadela, nem 50 pratas, nem \u00f4nibus, a\u00ed a petesada n\u00e3o vai, s\u00f3 vai pagando, mo\u00e7ada! \u2013 ironizou.<\/p>\n","protected":false},"excerpt":{"rendered":"<p>O pastor Silas Malafaia usou suas redes sociais, nesta quarta-feira (1\u00ba), para se manifestar sobre o fiasco do ato de Lula junto \u00e0s centrais sindicais, em S\u00e3o Paulo. Al\u00e9m da baixa ades\u00e3o do p\u00fablico, que vem ocorrendo em eventos do petista, o presidente e o deputado federal Guilherme Boulos (PSOL) fizeram da celebra\u00e7\u00e3o pelo Dia [&hellip;]<\/p>\n","protected":false},"author":2,"featured_media":19273,"comment_status":"open","ping_status":"open","sticky":false,"template":"","format":"standard","meta":[],"categories":[12,10],"tags":[],"_links":{"self":[{"href":"https:\/\/dgospel.com.br\/portal\/index.php\/wp-json\/wp\/v2\/posts\/19272"}],"collection":[{"href":"https:\/\/dgospel.com.br\/portal\/index.php\/wp-json\/wp\/v2\/posts"}],"about":[{"href":"https:\/\/dgospel.com.br\/portal\/index.php\/wp-json\/wp\/v2\/types\/post"}],"author":[{"embeddable":true,"href":"https:\/\/dgospel.com.br\/portal\/index.php\/wp-json\/wp\/v2\/users\/2"}],"replies":[{"embeddable":true,"href":"https:\/\/dgospel.com.br\/portal\/index.php\/wp-json\/wp\/v2\/comments?post=19272"}],"version-history":[{"count":1,"href":"https:\/\/dgospel.com.br\/portal\/index.php\/wp-json\/wp\/v2\/posts\/19272\/revisions"}],"predecessor-version":[{"id":19274,"href":"https:\/\/dgospel.com.br\/portal\/index.php\/wp-json\/wp\/v2\/posts\/19272\/revisions\/19274"}],"wp:featuredmedia":[{"embeddable":true,"href":"https:\/\/dgospel.com.br\/portal\/index.php\/wp-json\/wp\/v2\/media\/19273"}],"wp:attachment":[{"href":"https:\/\/dgospel.com.br\/portal\/index.php\/wp-json\/wp\/v2\/media?parent=19272"}],"wp:term":[{"taxonomy":"category","embeddable":true,"href":"https:\/\/dgospel.com.br\/portal\/index.php\/wp-json\/wp\/v2\/categories?post=19272"},{"taxonomy":"post_tag","embeddable":true,"href":"https:\/\/dgospel.com.br\/portal\/index.php\/wp-json\/wp\/v2\/tags?post=19272"}],"curies":[{"name":"wp","href":"https:\/\/api.w.org\/{rel}","templated":true}]}}