{"id":19275,"date":"2024-05-02T18:29:45","date_gmt":"2024-05-02T21:29:45","guid":{"rendered":"https:\/\/dgospel.com.br\/portal\/?p=19275"},"modified":"2024-05-02T18:29:46","modified_gmt":"2024-05-02T21:29:46","slug":"luciano-hang-envia-helicopteros-para-ajudar-vitimas-de-enchentes-no-rio-grande-do-sul","status":"publish","type":"post","link":"https:\/\/dgospel.com.br\/portal\/index.php\/2024\/05\/02\/luciano-hang-envia-helicopteros-para-ajudar-vitimas-de-enchentes-no-rio-grande-do-sul\/","title":{"rendered":"Luciano Hang envia helic\u00f3pteros para ajudar v\u00edtimas de enchentes no Rio Grande do Sul"},"content":{"rendered":"\n<p>Nesta quinta-feira (2), o empres\u00e1rio Luciano Hang, dono da rede de lojas Havan, enviou dois helic\u00f3pteros para ajudar a Defesa Civil do Rio Grande do Sul no trabalho feito em fun\u00e7\u00e3o das tempestades que levaram o estado a decretar situa\u00e7\u00e3o de calamidade esta semana.<\/p>\n\n\n\n<p>A a\u00e7\u00e3o de Hang foi divulgada nas redes sociais. A publica\u00e7\u00e3o diz ainda que a inaugura\u00e7\u00e3o da loja em Santa Rosa (RS) foi adiada para o pr\u00f3ximo s\u00e1bado (4).<\/p>\n\n\n\n<p>Luciano tamb\u00e9m viajar\u00e1 para o estado para ver a situa\u00e7\u00e3o e ajudar no que for necess\u00e1rio.<\/p>\n\n\n\n<p>\u2013 Enviamos dois helic\u00f3pteros na manh\u00e3 desta quinta-feira, para auxiliar \u00e0 Defesa Civil no que for preciso e tamb\u00e9m adiamos a inaugura\u00e7\u00e3o da Havan Santa Rosa (RS) para o dia 4 de maio. Luciano Hang tamb\u00e9m se deslocar\u00e1 at\u00e9 o estado para ver in loco a situa\u00e7\u00e3o e ajudar o povo ga\u00facho no que for necess\u00e1rio. Torcemos para que este momento passe o mais r\u00e1pido poss\u00edvel, que prevale\u00e7a a for\u00e7a e grandeza do povo ga\u00facho. Estamos com voc\u00eas \u2013 diz o texto.<\/p>\n\n\n\n<figure class=\"wp-block-image\"><img src=\"https:\/\/static.cdn.pleno.news\/2024\/05\/Screenshot-1.png\" alt=\"\" class=\"wp-image-1315885\"\/><\/figure>\n\n\n\n<p><a href=\"https:\/\/www.instagram.com\/reel\/C6eOSomuu6E\/?utm_source=ig_embed&amp;ig_rid=a7d7fbc4-505e-4325-bf73-2377bebe5fc2\">https:\/\/www.instagram.com\/reel\/C6eOSomuu6E\/?utm_source=ig_embed&amp;ig_rid=a7d7fbc4-505e-4325-bf73-2377bebe5fc2<\/a><\/p>\n","protected":false},"excerpt":{"rendered":"<p>Nesta quinta-feira (2), o empres\u00e1rio Luciano Hang, dono da rede de lojas Havan, enviou dois helic\u00f3pteros para ajudar a Defesa Civil do Rio Grande do Sul no trabalho feito em fun\u00e7\u00e3o das tempestades que levaram o estado a decretar situa\u00e7\u00e3o de calamidade esta semana. A a\u00e7\u00e3o de Hang foi divulgada nas redes sociais. A publica\u00e7\u00e3o [&hellip;]<\/p>\n","protected":false},"author":2,"featured_media":19276,"comment_status":"open","ping_status":"open","sticky":false,"template":"","format":"standard","meta":[],"categories":[12,10],"tags":[],"_links":{"self":[{"href":"https:\/\/dgospel.com.br\/portal\/index.php\/wp-json\/wp\/v2\/posts\/19275"}],"collection":[{"href":"https:\/\/dgospel.com.br\/portal\/index.php\/wp-json\/wp\/v2\/posts"}],"about":[{"href":"https:\/\/dgospel.com.br\/portal\/index.php\/wp-json\/wp\/v2\/types\/post"}],"author":[{"embeddable":true,"href":"https:\/\/dgospel.com.br\/portal\/index.php\/wp-json\/wp\/v2\/users\/2"}],"replies":[{"embeddable":true,"href":"https:\/\/dgospel.com.br\/portal\/index.php\/wp-json\/wp\/v2\/comments?post=19275"}],"version-history":[{"count":1,"href":"https:\/\/dgospel.com.br\/portal\/index.php\/wp-json\/wp\/v2\/posts\/19275\/revisions"}],"predecessor-version":[{"id":19277,"href":"https:\/\/dgospel.com.br\/portal\/index.php\/wp-json\/wp\/v2\/posts\/19275\/revisions\/19277"}],"wp:featuredmedia":[{"embeddable":true,"href":"https:\/\/dgospel.com.br\/portal\/index.php\/wp-json\/wp\/v2\/media\/19276"}],"wp:attachment":[{"href":"https:\/\/dgospel.com.br\/portal\/index.php\/wp-json\/wp\/v2\/media?parent=19275"}],"wp:term":[{"taxonomy":"category","embeddable":true,"href":"https:\/\/dgospel.com.br\/portal\/index.php\/wp-json\/wp\/v2\/categories?post=19275"},{"taxonomy":"post_tag","embeddable":true,"href":"https:\/\/dgospel.com.br\/portal\/index.php\/wp-json\/wp\/v2\/tags?post=19275"}],"curies":[{"name":"wp","href":"https:\/\/api.w.org\/{rel}","templated":true}]}}