{"id":19278,"date":"2024-05-02T18:50:03","date_gmt":"2024-05-02T21:50:03","guid":{"rendered":"https:\/\/dgospel.com.br\/portal\/?p=19278"},"modified":"2024-05-02T18:53:13","modified_gmt":"2024-05-02T21:53:13","slug":"show-em-que-lula-pediu-voto-a-boulos-captou-r-250-mil-atraves-da-lei-rouanet-e-teve-patrocinio-da-petrobras","status":"publish","type":"post","link":"https:\/\/dgospel.com.br\/portal\/index.php\/2024\/05\/02\/show-em-que-lula-pediu-voto-a-boulos-captou-r-250-mil-atraves-da-lei-rouanet-e-teve-patrocinio-da-petrobras\/","title":{"rendered":"Show em que Lula pediu voto a Boulos captou R$ 250 mil atrav\u00e9s da Lei Rouanet e teve patroc\u00ednio da Petrobras"},"content":{"rendered":"\n<p>O evento do dia 1\u00b0 de Maio deste ano, em que o presidente da Rep\u00fablica,&nbsp;<a href=\"http:\/\/pleno.news\/tag\/lula\" target=\"_blank\" rel=\"noreferrer noopener\">Luiz In\u00e1cio Lula da Silva<\/a>&nbsp;(PT), pediu voto ao pr\u00e9-candidato \u00e0 Prefeitura de S\u00e3o Paulo&nbsp;<a href=\"http:\/\/pleno.news\/tag\/guilherme-boulos\" target=\"_blank\" rel=\"noreferrer noopener\">Guilherme Boulos<\/a>&nbsp;(PSOL), foi custeado em parte com recursos da Lei Rouanet. A produtora respons\u00e1vel pelo evento captou R$ 250 mil por meio da Lei de Incentivo \u00e0 Cultura, segundo dados do Sistema de Acesso \u00e0s Leis de Incentivo \u00e0 Cultura (Salic). Trata-se de dinheiro de um doador privado, mas que ser\u00e1 depois abatido dos impostos devidos por quem o doou.<\/p>\n\n\n\n<p>A produtora respons\u00e1vel pelo show foi a Veredas Gest\u00e3o Cultural, sediada no Rio de Janeiro. Ao cadastrar o projeto na Lei Rouanet, a empresa foi autorizada a levantar at\u00e9 R$ 6,3 milh\u00f5es. Mas s\u00f3 um \u201cincentivador\u201d topou financiar o 1\u00b0 de Maio \u2013 uma faculdade privada de Medicina sediada em Campinas (SP), a S\u00e3o Leopoldo Mandic.<\/p>\n\n\n\n<p>Batizado de&nbsp;<em>Festival Cultura e Direitos<\/em>, o evento teve apresenta\u00e7\u00f5es dos rappers Dexter, Afro X e Roger Deff, al\u00e9m dos pagodeiros Ivo Meirelles, Arlindinho e Almirzinho. A apresenta\u00e7\u00e3o ficou por conta de S\u00e9rgio Loroza e da MC Pamelloza. Durante o evento, Lula pediu votos abertamente para Boulos.<\/p>\n\n\n\n<p>\u2013 Ent\u00e3o ele [Boulos] est\u00e1 enfrentando tr\u00eas advers\u00e1rios e, por isso, eu quero dizer para voc\u00eas, ningu\u00e9m derrotar\u00e1 esse mo\u00e7o aqui se voc\u00eas votarem no Boulos para prefeito de S\u00e3o Paulo nas pr\u00f3ximas elei\u00e7\u00f5es. E eu vou fazer um apelo, cada pessoa que votou no Lula, em 1989, em 1994, em 1998, em 2006, em 2010 e em 2022, tem que votar no Boulos para prefeito de S\u00e3o Paulo \u2013 disse.<\/p>\n\n\n\n<p>A transmiss\u00e3o foi feita pela Empresa Brasil de Comunica\u00e7\u00e3o (EBC), e estava inclusive no canal oficial da empresa no YouTube, de onde foi depois removida. No entanto, a transmiss\u00e3o ainda est\u00e1 dispon\u00edvel no canal do presidente.<\/p>\n\n\n\n<p>Ao Estad\u00e3o, o ministro da Secretaria de Comunica\u00e7\u00e3o da Presid\u00eancia, Paulo Pimenta, disse que a fala do presidente n\u00e3o afronta a lei eleitoral.<\/p>\n\n\n\n<p>\u2013 O que ocorreu foi uma manifesta\u00e7\u00e3o de apoio pol\u00edtico, de men\u00e7\u00e3o ao cargo a ser disputado e da plataforma de governo a ser defendida, nos termos do artigo 36-A da Lei 9.504, de 1997 [a Lei das Elei\u00e7\u00f5es]. A legisla\u00e7\u00e3o eleitoral permite falar sobre tudo isso. A fala est\u00e1 enquadrada nas permiss\u00f5es da lei e n\u00e3o nas veda\u00e7\u00f5es. N\u00e3o houve conduta eleitoral vedada \u2013 alegou Pimenta.<\/p>\n\n\n\n<p>Lula chegou a reclamar da baixa ades\u00e3o do p\u00fablico \u2013 s\u00f3 a frente do palco estava ocupada, e mesmo assim por pessoas ligadas \u00e0s centrais sindicais.<\/p>\n\n\n\n<p>\u2013 Ele [M\u00e1rcio Macedo] \u00e9 respons\u00e1vel pelo movimento social brasileiro. N\u00e3o pense que vai ficar assim. Voc\u00eas sabem que ontem [ter\u00e7a (30)] eu conversei com ele sobre esse ato e eu disse para ele: \u201cOh, M\u00e1rcio, o ato est\u00e1 mal convocado. O ato est\u00e1 mal convocado. N\u00f3s n\u00e3o fizemos o esfor\u00e7o necess\u00e1rio para levar a quantidade de gente que era preciso levar\u201d \u2013 declarou.<\/p>\n\n\n\n<p>Al\u00e9m da Lei Rouanet, o festival tamb\u00e9m teve patroc\u00ednio da Petrobras e do Conselho Nacional do Servi\u00e7o Social da Ind\u00fastria (Sesi). Ao site Poder360, a Petrobras confirmou ter patrocinado o evento e afirmou que o apoio cumpriu todos os requisitos jur\u00eddicos necess\u00e1rios. O Sesi, por sua vez, disse que \u201cn\u00e3o apoia eventos pol\u00edticos partid\u00e1rios\u201d e alegou que o ato do 1\u00b0 de Maio foi \u201cdestinado a celebrar a luta e a organiza\u00e7\u00e3o dos trabalhadores e trabalhadoras\u201d.<\/p>\n\n\n\n<p>*AE<\/p>\n","protected":false},"excerpt":{"rendered":"<p>O evento do dia 1\u00b0 de Maio deste ano, em que o presidente da Rep\u00fablica,&nbsp;Luiz In\u00e1cio Lula da Silva&nbsp;(PT), pediu voto ao pr\u00e9-candidato \u00e0 Prefeitura de S\u00e3o Paulo&nbsp;Guilherme Boulos&nbsp;(PSOL), foi custeado em parte com recursos da Lei Rouanet. A produtora respons\u00e1vel pelo evento captou R$ 250 mil por meio da Lei de Incentivo \u00e0 Cultura, [&hellip;]<\/p>\n","protected":false},"author":2,"featured_media":19279,"comment_status":"open","ping_status":"open","sticky":false,"template":"","format":"standard","meta":[],"categories":[12,10],"tags":[13],"_links":{"self":[{"href":"https:\/\/dgospel.com.br\/portal\/index.php\/wp-json\/wp\/v2\/posts\/19278"}],"collection":[{"href":"https:\/\/dgospel.com.br\/portal\/index.php\/wp-json\/wp\/v2\/posts"}],"about":[{"href":"https:\/\/dgospel.com.br\/portal\/index.php\/wp-json\/wp\/v2\/types\/post"}],"author":[{"embeddable":true,"href":"https:\/\/dgospel.com.br\/portal\/index.php\/wp-json\/wp\/v2\/users\/2"}],"replies":[{"embeddable":true,"href":"https:\/\/dgospel.com.br\/portal\/index.php\/wp-json\/wp\/v2\/comments?post=19278"}],"version-history":[{"count":1,"href":"https:\/\/dgospel.com.br\/portal\/index.php\/wp-json\/wp\/v2\/posts\/19278\/revisions"}],"predecessor-version":[{"id":19280,"href":"https:\/\/dgospel.com.br\/portal\/index.php\/wp-json\/wp\/v2\/posts\/19278\/revisions\/19280"}],"wp:featuredmedia":[{"embeddable":true,"href":"https:\/\/dgospel.com.br\/portal\/index.php\/wp-json\/wp\/v2\/media\/19279"}],"wp:attachment":[{"href":"https:\/\/dgospel.com.br\/portal\/index.php\/wp-json\/wp\/v2\/media?parent=19278"}],"wp:term":[{"taxonomy":"category","embeddable":true,"href":"https:\/\/dgospel.com.br\/portal\/index.php\/wp-json\/wp\/v2\/categories?post=19278"},{"taxonomy":"post_tag","embeddable":true,"href":"https:\/\/dgospel.com.br\/portal\/index.php\/wp-json\/wp\/v2\/tags?post=19278"}],"curies":[{"name":"wp","href":"https:\/\/api.w.org\/{rel}","templated":true}]}}