{"id":19288,"date":"2024-05-02T19:13:48","date_gmt":"2024-05-02T22:13:48","guid":{"rendered":"https:\/\/dgospel.com.br\/portal\/?p=19288"},"modified":"2024-05-02T19:13:49","modified_gmt":"2024-05-02T22:13:49","slug":"no-maio-amarelo-ses-to-destaca-os-impactos-dos-acidentes-de-transito-no-sus","status":"publish","type":"post","link":"https:\/\/dgospel.com.br\/portal\/index.php\/2024\/05\/02\/no-maio-amarelo-ses-to-destaca-os-impactos-dos-acidentes-de-transito-no-sus\/","title":{"rendered":"No Maio Amarelo, SES-TO destaca os impactos dos acidentes de tr\u00e2nsito no SUS"},"content":{"rendered":"\n<p>Como parceira da campanha&nbsp;<em>Maio Amarelo<\/em>, lan\u00e7ada pelo Governo do Tocantins, na ter\u00e7a-feira, 30 de abril, a Secretaria de Estado da Sa\u00fade (SES-TO) faz um alerta \u00e0 popula\u00e7\u00e3o sobre os impactos dos sinistros de tr\u00e2nsito, no atendimento das unidades hospitalares sob sua gest\u00e3o. Respons\u00e1vel por grande parte dos atendimentos em ortopedia, os acidentes de tr\u00e2nsito s\u00e3o um dos principais agravos de sa\u00fade dentro do Sistema \u00danico de Sa\u00fade (SUS) tocantinense.<\/p>\n\n\n\n<p>Dados do Sistema de Informa\u00e7\u00e3o de Agravos de Notifica\u00e7\u00e3o (Sinan) apontam que, em 2023, o Tocantins registrou mais de 4 mil notifica\u00e7\u00f5es de v\u00edtimas de acidentes de tr\u00e2nsito, com interna\u00e7\u00e3o superior a 24 horas. O custo de paciente v\u00edtima de acidente de tr\u00e2nsito \u00e9 alto para o SUS.<\/p>\n\n\n\n<p>De acordo com os relat\u00f3rios do setor de custos da SES-TO, em m\u00e9dia, as despesas com uma pessoa que apresenta v\u00e1rias fraturas, maioria dos acidentados de tr\u00e2nsito, ficam em torno de R$ R$ 1.273 por dia de interna\u00e7\u00e3o normal. J\u00e1 na m\u00e9dia e alta complexidade, como Unidade de Terapia Intensiva (UTI), chega a quase R$ 3 mil de gasto di\u00e1rio. Em geral, pacientes politraumatizados t\u00eam um longo per\u00edodo de interna\u00e7\u00e3o.<\/p>\n\n\n\n<p>O secret\u00e1rio de Estado da Sa\u00fade, Carlos Felinto, destacou que o agravo \u00e9 um dos principais desafios enfrentados pela sa\u00fade p\u00fablica, ressaltando os impactos socioemocionais que os acidentes causam. \u201cOs acidentes de tr\u00e2nsito s\u00e3o onerosos, pois os custos para o sistema n\u00e3o se resumem somente \u00e0 interna\u00e7\u00e3o, mas tamb\u00e9m ao atendimento pr\u00e9-hospitalar e a reabilita\u00e7\u00e3o da v\u00edtima. Isso impacta diretamente na vida das pessoas. Al\u00e9m das centenas de tocantinenses que perderam suas vidas no ano passado, os acidentes de tr\u00e2nsito afetam toda uma fam\u00edlia e trazem consequ\u00eancias socioemocionais que s\u00e3o para toda a vida\u201d, frisou.<\/p>\n\n\n\n<p><strong>\u00d3bitos<\/strong><\/p>\n\n\n\n<p>Quantos aos \u00f3bitos, dados do Sistema de Informa\u00e7\u00e3o de Mortalidade (SIM) mostram que, de janeiro a dezembro de 2023, 546 pessoas morreram v\u00edtimas de acidentes de tr\u00e2nsito no Tocantins. Em 2024, j\u00e1 foram 128 \u00f3bitos.<\/p>\n\n\n\n<p><strong>Campanha Maio Amarelo<\/strong><\/p>\n\n\n\n<p><em>Maio Amarelo<\/em>&nbsp;\u00e9 um movimento internacional de conscientiza\u00e7\u00e3o para redu\u00e7\u00e3o de acidentes de tr\u00e2nsito. No Brasil, a campanha, criada pelo Observat\u00f3rio Nacional de Seguran\u00e7a Vi\u00e1ria, tem como objetivo sensibilizar a sociedade para a import\u00e2ncia da ado\u00e7\u00e3o de comportamentos mais seguros no tr\u00e2nsito.<\/p>\n\n\n\n<p>Na manh\u00e3 dessa ter\u00e7a-feira, 30, o Governo do Tocantins realizou, no Audit\u00f3rio do Pal\u00e1cio Araguaia Governador Jos\u00e9 Wilson Siqueira Campos, a abertura oficial da\u00a0<em>Campanha Estadual Maio Amarelo 2024<\/em>, com o slogan\u00a0<em>Paz no Tr\u00e2nsito Come\u00e7a por Voc\u00ea<\/em>. O evento promovido pelo Departamento Estadual de Tr\u00e2nsito do Tocantins (Detran\/TO) reuniu \u00f3rg\u00e3os parceiros, como SES-TO, Secretaria de Estado da Seguran\u00e7a P\u00fablica (SSP), Secretaria de Estado da Educa\u00e7\u00e3o (Seduc), Ag\u00eancia de Transportes, Obras e Infraestrutura (Ageto), Pol\u00edcia Rodovi\u00e1ria Federal (PRF), Pol\u00edcia Militar do Tocantins (PMTO) e Corpo de Bombeiros Militar (CBMTO).<\/p>\n\n\n\n<p><img src=\"https:\/\/central.to.gov.br\/image\/375186?w=670&amp;h=383\"><\/p>\n\n\n\n<p>Carlos Felinto ressaltou os desafios do SUS tocantinense diante dos sinistros de tr\u00e2nsito &#8211; Dayana Nascimento\/Governo do Tocantins&nbsp;<\/p>\n","protected":false},"excerpt":{"rendered":"<p>Como parceira da campanha&nbsp;Maio Amarelo, lan\u00e7ada pelo Governo do Tocantins, na ter\u00e7a-feira, 30 de abril, a Secretaria de Estado da Sa\u00fade (SES-TO) faz um alerta \u00e0 popula\u00e7\u00e3o sobre os impactos dos sinistros de tr\u00e2nsito, no atendimento das unidades hospitalares sob sua gest\u00e3o. Respons\u00e1vel por grande parte dos atendimentos em ortopedia, os acidentes de tr\u00e2nsito s\u00e3o [&hellip;]<\/p>\n","protected":false},"author":2,"featured_media":19289,"comment_status":"open","ping_status":"open","sticky":false,"template":"","format":"standard","meta":[],"categories":[3],"tags":[13],"_links":{"self":[{"href":"https:\/\/dgospel.com.br\/portal\/index.php\/wp-json\/wp\/v2\/posts\/19288"}],"collection":[{"href":"https:\/\/dgospel.com.br\/portal\/index.php\/wp-json\/wp\/v2\/posts"}],"about":[{"href":"https:\/\/dgospel.com.br\/portal\/index.php\/wp-json\/wp\/v2\/types\/post"}],"author":[{"embeddable":true,"href":"https:\/\/dgospel.com.br\/portal\/index.php\/wp-json\/wp\/v2\/users\/2"}],"replies":[{"embeddable":true,"href":"https:\/\/dgospel.com.br\/portal\/index.php\/wp-json\/wp\/v2\/comments?post=19288"}],"version-history":[{"count":1,"href":"https:\/\/dgospel.com.br\/portal\/index.php\/wp-json\/wp\/v2\/posts\/19288\/revisions"}],"predecessor-version":[{"id":19290,"href":"https:\/\/dgospel.com.br\/portal\/index.php\/wp-json\/wp\/v2\/posts\/19288\/revisions\/19290"}],"wp:featuredmedia":[{"embeddable":true,"href":"https:\/\/dgospel.com.br\/portal\/index.php\/wp-json\/wp\/v2\/media\/19289"}],"wp:attachment":[{"href":"https:\/\/dgospel.com.br\/portal\/index.php\/wp-json\/wp\/v2\/media?parent=19288"}],"wp:term":[{"taxonomy":"category","embeddable":true,"href":"https:\/\/dgospel.com.br\/portal\/index.php\/wp-json\/wp\/v2\/categories?post=19288"},{"taxonomy":"post_tag","embeddable":true,"href":"https:\/\/dgospel.com.br\/portal\/index.php\/wp-json\/wp\/v2\/tags?post=19288"}],"curies":[{"name":"wp","href":"https:\/\/api.w.org\/{rel}","templated":true}]}}