{"id":19297,"date":"2024-05-06T16:10:42","date_gmt":"2024-05-06T19:10:42","guid":{"rendered":"https:\/\/dgospel.com.br\/portal\/?p=19297"},"modified":"2024-05-06T16:10:43","modified_gmt":"2024-05-06T19:10:43","slug":"governo-lula-coloca-em-sigilo-numero-de-fugas-de-presidios","status":"publish","type":"post","link":"https:\/\/dgospel.com.br\/portal\/index.php\/2024\/05\/06\/governo-lula-coloca-em-sigilo-numero-de-fugas-de-presidios\/","title":{"rendered":"Governo Lula coloca em sigilo n\u00famero de fugas de pres\u00eddios"},"content":{"rendered":"\n<p>O Minist\u00e9rio da Justi\u00e7a e Seguran\u00e7a P\u00fablica (MJSP) imp\u00f4s sigilo ao n\u00famero de fugas ocorridas nos pres\u00eddios brasileiros em 2023. A informa\u00e7\u00e3o foi noticiada pelo site Metr\u00f3poles, que disse ter solicitado o dado via Lei de Acesso \u00e0 Informa\u00e7\u00e3o (LAI), mas que recebeu como resposta que o n\u00famero possui car\u00e1ter \u201creservado\u201d, o que significa que ele ficar\u00e1 em sigilo por cinco anos.<\/p>\n\n\n\n<p>De acordo com o ve\u00edculo, o pedido feito via LAI foi rejeitado em todas as inst\u00e2ncias, inclusive com a resposta tendo sido referendada pelo ministro\u00a0<a rel=\"noreferrer noopener\" href=\"http:\/\/pleno.news\/tag\/ricardo-lewandowski\" target=\"_blank\">Ricardo Lewandowski<\/a>. Como justificativa, a Secretaria Nacional de Pol\u00edticas Penais (Senapen), que \u00e9 vinculada ao MJSP, alegou que a divulga\u00e7\u00e3o das informa\u00e7\u00f5es poderia \u201cp\u00f4r em risco a vida, a seguran\u00e7a ou a sa\u00fade da popula\u00e7\u00e3o\u201d.<\/p>\n\n\n\n<p>Semestralmente, a Senapen divulga estat\u00edsticas dos pres\u00eddios brasileiros no Sistema Nacional de Informa\u00e7\u00f5es Penais (Sisdepen), que \u00e9 abastecido pelas secretarias estaduais e do Distrito Federal que tratam das pris\u00f5es. No formul\u00e1rio preenchido pelas unidades da federa\u00e7\u00e3o nos \u00faltimos dois semestres, houve uma pergunta sobre fugas e, por isso, o Metr\u00f3poles disse ter pedido a informa\u00e7\u00e3o.<\/p>\n\n\n\n<p>Em nota sobre a negativa ao pedido feito pelo Metr\u00f3poles, o Minist\u00e9rio da Justi\u00e7a disse que \u201cas informa\u00e7\u00f5es solicitadas via Lei de Acesso \u00e0 Informa\u00e7\u00e3o (LAI) s\u00e3o classificadas como reservadas h\u00e1 dez anos. Ou seja, vem desde 2015 e atravessou diferentes gest\u00f5es. O atual governo, portanto, n\u00e3o criou essa norma\u201d.<\/p>\n\n\n\n<p>A pasta disse, ainda, que as informa\u00e7\u00f5es solicitadas s\u00e3o \u201csens\u00edveis, pois podem colocar em risco as pol\u00edticas de seguran\u00e7a p\u00fablica nos \u00e2mbitos federal, estadual e municipal, o que justifica o car\u00e1ter reservado\u201d.<\/p>\n\n\n\n<p>As fugas de detentos de pris\u00f5es brasileiras ganharam grande repercuss\u00e3o nos notici\u00e1rios recentemente ap\u00f3s dois presos escaparem, em fevereiro deste ano, da Penitenci\u00e1ria Federal de Mossor\u00f3, no Rio Grande do Norte. Deibson Cabral Nascimento e Rog\u00e9rio da Silva Mendon\u00e7a ficaram foragidos por quase dois meses at\u00e9 serem recapturados a cerca de 1,6 mil quil\u00f4metros do pres\u00eddio.<\/p>\n","protected":false},"excerpt":{"rendered":"<p>O Minist\u00e9rio da Justi\u00e7a e Seguran\u00e7a P\u00fablica (MJSP) imp\u00f4s sigilo ao n\u00famero de fugas ocorridas nos pres\u00eddios brasileiros em 2023. A informa\u00e7\u00e3o foi noticiada pelo site Metr\u00f3poles, que disse ter solicitado o dado via Lei de Acesso \u00e0 Informa\u00e7\u00e3o (LAI), mas que recebeu como resposta que o n\u00famero possui car\u00e1ter \u201creservado\u201d, o que significa que [&hellip;]<\/p>\n","protected":false},"author":2,"featured_media":19298,"comment_status":"open","ping_status":"open","sticky":false,"template":"","format":"standard","meta":[],"categories":[12,10],"tags":[],"_links":{"self":[{"href":"https:\/\/dgospel.com.br\/portal\/index.php\/wp-json\/wp\/v2\/posts\/19297"}],"collection":[{"href":"https:\/\/dgospel.com.br\/portal\/index.php\/wp-json\/wp\/v2\/posts"}],"about":[{"href":"https:\/\/dgospel.com.br\/portal\/index.php\/wp-json\/wp\/v2\/types\/post"}],"author":[{"embeddable":true,"href":"https:\/\/dgospel.com.br\/portal\/index.php\/wp-json\/wp\/v2\/users\/2"}],"replies":[{"embeddable":true,"href":"https:\/\/dgospel.com.br\/portal\/index.php\/wp-json\/wp\/v2\/comments?post=19297"}],"version-history":[{"count":1,"href":"https:\/\/dgospel.com.br\/portal\/index.php\/wp-json\/wp\/v2\/posts\/19297\/revisions"}],"predecessor-version":[{"id":19299,"href":"https:\/\/dgospel.com.br\/portal\/index.php\/wp-json\/wp\/v2\/posts\/19297\/revisions\/19299"}],"wp:featuredmedia":[{"embeddable":true,"href":"https:\/\/dgospel.com.br\/portal\/index.php\/wp-json\/wp\/v2\/media\/19298"}],"wp:attachment":[{"href":"https:\/\/dgospel.com.br\/portal\/index.php\/wp-json\/wp\/v2\/media?parent=19297"}],"wp:term":[{"taxonomy":"category","embeddable":true,"href":"https:\/\/dgospel.com.br\/portal\/index.php\/wp-json\/wp\/v2\/categories?post=19297"},{"taxonomy":"post_tag","embeddable":true,"href":"https:\/\/dgospel.com.br\/portal\/index.php\/wp-json\/wp\/v2\/tags?post=19297"}],"curies":[{"name":"wp","href":"https:\/\/api.w.org\/{rel}","templated":true}]}}