{"id":19300,"date":"2024-05-06T16:14:45","date_gmt":"2024-05-06T19:14:45","guid":{"rendered":"https:\/\/dgospel.com.br\/portal\/?p=19300"},"modified":"2024-05-06T16:14:46","modified_gmt":"2024-05-06T19:14:46","slug":"festa-porno-em-copacabana-enquanto-bebes-boiam-no-rs-diz-garcia","status":"publish","type":"post","link":"https:\/\/dgospel.com.br\/portal\/index.php\/2024\/05\/06\/festa-porno-em-copacabana-enquanto-bebes-boiam-no-rs-diz-garcia\/","title":{"rendered":"\u201cFesta porn\u00f4 em Copacabana enquanto beb\u00eas boiam no RS\u201d, diz Garcia"},"content":{"rendered":"\n<p>O jornalista Alexandre Garcia apontou contrastes no Brasil, comparando os dois assuntos mais repercutidos neste fim de semana: o desastre clim\u00e1tico no Rio Grande do Sul e o show de Madonna na Praia de Copacabana, no Rio de Janeiro.<\/p>\n\n\n\n<p>O comunicador chamou o show da cantora pop de \u201cfesta porn\u00f4\u201d.<\/p>\n\n\n\n<p>\u2013 Temos contrastes. Enquanto h\u00e1 corpos de beb\u00eas boiando nas \u00e1guas no Rio Grande do Sul, h\u00e1 uma festa porn\u00f4 em Copacabana \u2013 disse em v\u00eddeo publicado em seu canal no YouTube.<\/p>\n\n\n\n<p>No mesmo v\u00eddeo, Garcia l\u00ea um trecho da cr\u00f4nica&nbsp;<em>Ai de Ti, Copacabana<\/em>, de Rubens Braga, publicada em 1959. A cr\u00f4nica fala sobre um \u201ccastigo\u201d do oceano sobre Copacabana pelos seus \u201cpecados\u201d.<\/p>\n\n\n\n<p>Em seguida, o jornalista exalta o \u201cesp\u00edrito ga\u00facho\u201d, forjado por uma hist\u00f3ria de embates. Segundo ele, todos os prefeitos com os quais ele conversou disseram que v\u00e3o \u201csair dessa\u201d.<\/p>\n\n\n\n<p>Garcia tamb\u00e9m abordou o assunto na rede social X. Ele relatou quando um empres\u00e1rio ga\u00facho cancelou sua festa de 80 anos em em meio ao esc\u00e2ndalo do mensal\u00e3o porque \u201cn\u00e3o havia ambiente\u201d.<\/p>\n\n\n\n<p>\u2013 Festan\u00e7a no Rio, trag\u00e9dia no Rio Grande. Em 2007, chocado com o esc\u00e2ndalo do mensal\u00e3o, o consagrado empres\u00e1rio ga\u00facho Paulo Vellinho avisou todos os convidados \u2013 inclusive eu \u2013 que cancelava sua festa de 80 anos. N\u00e3o havia ambiente para uma grandiosa comemora\u00e7\u00e3o em Porto Alegre diante de uma trag\u00e9dia moral em Bras\u00edlia. Quest\u00e3o de decoro \u2013 escreveu.<\/p>\n\n\n\n<figure class=\"wp-block-image\"><img src=\"https:\/\/static.cdn.pleno.news\/2024\/05\/Screenshot_1225.png\" alt=\"\" class=\"wp-image-1317603\"\/><\/figure>\n\n\n\n<figure class=\"wp-block-embed is-type-video is-provider-youtube wp-block-embed-youtube wp-embed-aspect-16-9 wp-has-aspect-ratio\"><div class=\"wp-block-embed__wrapper\">\n<iframe loading=\"lazy\" title=\"A maior cheia da Hist\u00f3ria abate mas n\u00e3o derrota os ga\u00fachos - Alexandre Garcia\" width=\"630\" height=\"354\" src=\"https:\/\/www.youtube.com\/embed\/nuBMOARIRyM?feature=oembed\" frameborder=\"0\" allow=\"accelerometer; autoplay; clipboard-write; encrypted-media; gyroscope; picture-in-picture; web-share\" referrerpolicy=\"strict-origin-when-cross-origin\" allowfullscreen><\/iframe>\n<\/div><\/figure>\n","protected":false},"excerpt":{"rendered":"<p>O jornalista Alexandre Garcia apontou contrastes no Brasil, comparando os dois assuntos mais repercutidos neste fim de semana: o desastre clim\u00e1tico no Rio Grande do Sul e o show de Madonna na Praia de Copacabana, no Rio de Janeiro. O comunicador chamou o show da cantora pop de \u201cfesta porn\u00f4\u201d. \u2013 Temos contrastes. Enquanto h\u00e1 [&hellip;]<\/p>\n","protected":false},"author":2,"featured_media":19301,"comment_status":"open","ping_status":"open","sticky":false,"template":"","format":"standard","meta":[],"categories":[12,10],"tags":[],"_links":{"self":[{"href":"https:\/\/dgospel.com.br\/portal\/index.php\/wp-json\/wp\/v2\/posts\/19300"}],"collection":[{"href":"https:\/\/dgospel.com.br\/portal\/index.php\/wp-json\/wp\/v2\/posts"}],"about":[{"href":"https:\/\/dgospel.com.br\/portal\/index.php\/wp-json\/wp\/v2\/types\/post"}],"author":[{"embeddable":true,"href":"https:\/\/dgospel.com.br\/portal\/index.php\/wp-json\/wp\/v2\/users\/2"}],"replies":[{"embeddable":true,"href":"https:\/\/dgospel.com.br\/portal\/index.php\/wp-json\/wp\/v2\/comments?post=19300"}],"version-history":[{"count":1,"href":"https:\/\/dgospel.com.br\/portal\/index.php\/wp-json\/wp\/v2\/posts\/19300\/revisions"}],"predecessor-version":[{"id":19302,"href":"https:\/\/dgospel.com.br\/portal\/index.php\/wp-json\/wp\/v2\/posts\/19300\/revisions\/19302"}],"wp:featuredmedia":[{"embeddable":true,"href":"https:\/\/dgospel.com.br\/portal\/index.php\/wp-json\/wp\/v2\/media\/19301"}],"wp:attachment":[{"href":"https:\/\/dgospel.com.br\/portal\/index.php\/wp-json\/wp\/v2\/media?parent=19300"}],"wp:term":[{"taxonomy":"category","embeddable":true,"href":"https:\/\/dgospel.com.br\/portal\/index.php\/wp-json\/wp\/v2\/categories?post=19300"},{"taxonomy":"post_tag","embeddable":true,"href":"https:\/\/dgospel.com.br\/portal\/index.php\/wp-json\/wp\/v2\/tags?post=19300"}],"curies":[{"name":"wp","href":"https:\/\/api.w.org\/{rel}","templated":true}]}}