{"id":19303,"date":"2024-05-06T16:19:13","date_gmt":"2024-05-06T19:19:13","guid":{"rendered":"https:\/\/dgospel.com.br\/portal\/?p=19303"},"modified":"2024-05-06T16:19:14","modified_gmt":"2024-05-06T19:19:14","slug":"congresso-deve-elaborar-medida-extraordinaria-para-o-rs-diz-lira","status":"publish","type":"post","link":"https:\/\/dgospel.com.br\/portal\/index.php\/2024\/05\/06\/congresso-deve-elaborar-medida-extraordinaria-para-o-rs-diz-lira\/","title":{"rendered":"Congresso deve elaborar medida extraordin\u00e1ria para o RS, diz Lira"},"content":{"rendered":"\n<p>O presidente da C\u00e2mara, Arthur Lira (PP-AL), afirmou que l\u00edderes e t\u00e9cnicos da C\u00e2mara e do Senado est\u00e3o convocados para uma reuni\u00e3o na manh\u00e3 desta segunda-feira (6) sobre os desastres do Rio Grande do Sul.<\/p>\n\n\n\n<p>Segundo Lira, a responsabilidade do Congresso nesta semana \u00e9 elaborar uma \u201cmedida totalmente extraordin\u00e1ria\u201d em rela\u00e7\u00e3o \u00e0s trag\u00e9dias.<\/p>\n\n\n\n<p>\u2013 L\u00edderes j\u00e1 est\u00e3o convocados para amanh\u00e3 [segunda], logo cedo, para que, junto ao Senado Federal, a parte t\u00e9cnica das duas Casas, os l\u00edderes partid\u00e1rios possam discutir sobre causa e efeito disso que vem acontecendo repetidamente no Brasil \u2013 disse neste domingo (5).<\/p>\n\n\n\n<p>As declara\u00e7\u00f5es de Lira ocorreram ap\u00f3s o governador do Rio Grande do Sul, Eduardo Leite (PSDB), ter reivindicado uma esp\u00e9cie de \u201cPlano Marshall\u201d para a reconstru\u00e7\u00e3o do estado.<\/p>\n\n\n\n<p>Entre as medidas mencionadas por Leite, est\u00e3o a cria\u00e7\u00e3o de benef\u00edcios sociais e o custeio extraordin\u00e1rio para assist\u00eancia social e sa\u00fade.<\/p>\n\n\n\n<p>*AE<\/p>\n","protected":false},"excerpt":{"rendered":"<p>O presidente da C\u00e2mara, Arthur Lira (PP-AL), afirmou que l\u00edderes e t\u00e9cnicos da C\u00e2mara e do Senado est\u00e3o convocados para uma reuni\u00e3o na manh\u00e3 desta segunda-feira (6) sobre os desastres do Rio Grande do Sul. Segundo Lira, a responsabilidade do Congresso nesta semana \u00e9 elaborar uma \u201cmedida totalmente extraordin\u00e1ria\u201d em rela\u00e7\u00e3o \u00e0s trag\u00e9dias. \u2013 L\u00edderes [&hellip;]<\/p>\n","protected":false},"author":2,"featured_media":19304,"comment_status":"open","ping_status":"open","sticky":false,"template":"","format":"standard","meta":[],"categories":[8],"tags":[],"_links":{"self":[{"href":"https:\/\/dgospel.com.br\/portal\/index.php\/wp-json\/wp\/v2\/posts\/19303"}],"collection":[{"href":"https:\/\/dgospel.com.br\/portal\/index.php\/wp-json\/wp\/v2\/posts"}],"about":[{"href":"https:\/\/dgospel.com.br\/portal\/index.php\/wp-json\/wp\/v2\/types\/post"}],"author":[{"embeddable":true,"href":"https:\/\/dgospel.com.br\/portal\/index.php\/wp-json\/wp\/v2\/users\/2"}],"replies":[{"embeddable":true,"href":"https:\/\/dgospel.com.br\/portal\/index.php\/wp-json\/wp\/v2\/comments?post=19303"}],"version-history":[{"count":1,"href":"https:\/\/dgospel.com.br\/portal\/index.php\/wp-json\/wp\/v2\/posts\/19303\/revisions"}],"predecessor-version":[{"id":19305,"href":"https:\/\/dgospel.com.br\/portal\/index.php\/wp-json\/wp\/v2\/posts\/19303\/revisions\/19305"}],"wp:featuredmedia":[{"embeddable":true,"href":"https:\/\/dgospel.com.br\/portal\/index.php\/wp-json\/wp\/v2\/media\/19304"}],"wp:attachment":[{"href":"https:\/\/dgospel.com.br\/portal\/index.php\/wp-json\/wp\/v2\/media?parent=19303"}],"wp:term":[{"taxonomy":"category","embeddable":true,"href":"https:\/\/dgospel.com.br\/portal\/index.php\/wp-json\/wp\/v2\/categories?post=19303"},{"taxonomy":"post_tag","embeddable":true,"href":"https:\/\/dgospel.com.br\/portal\/index.php\/wp-json\/wp\/v2\/tags?post=19303"}],"curies":[{"name":"wp","href":"https:\/\/api.w.org\/{rel}","templated":true}]}}