{"id":1931,"date":"2018-11-24T17:53:08","date_gmt":"2018-11-24T19:53:08","guid":{"rendered":"http:\/\/dgospel.com.br\/portal\/?p=1931"},"modified":"2018-11-24T17:53:08","modified_gmt":"2018-11-24T19:53:08","slug":"lideres-evangelicos-fazem-oracao-pelo-brasil-na-sala-da-presidencia-da-camara","status":"publish","type":"post","link":"https:\/\/dgospel.com.br\/portal\/index.php\/2018\/11\/24\/lideres-evangelicos-fazem-oracao-pelo-brasil-na-sala-da-presidencia-da-camara\/","title":{"rendered":"L\u00edderes evang\u00e9licos fazem ora\u00e7\u00e3o pelo Brasil na sala da presid\u00eancia da C\u00e2mara"},"content":{"rendered":"<p>Membros do\u00a0<a href=\"https:\/\/guiame.com.br\/gospel\/mundo-cristao\/lideres-se-reunem-para-discutir-como-tornar-igreja-mais-influente-no-brasil.html\"><strong>Conselho Apost\u00f3lico Brasileiro (CAB)<\/strong><\/a>\u00a0oraram por mudan\u00e7as no Brasil na sala da presid\u00eancia da C\u00e2mara dos Deputados na \u00faltima ter\u00e7a-feira (20). Com um exemplar da Constitui\u00e7\u00e3o em m\u00e3os, os l\u00edderes evang\u00e9licos intercederam pelas autoridades que ir\u00e3o assumir seus cargos em 2019.<\/p>\n<p>\u201cVamos ter uma renova\u00e7\u00e3o em muitas esferas do governo e haver\u00e1 um novo presidente sentado nesta cadeira\u201d, disse o ap\u00f3stolo Arles Marques, referindo-se \u00e0 presid\u00eancia da C\u00e2mara. \u201cEste \u00e9 um momento muito especial que n\u00f3s podemos interceder para que quem se sente nesta cadeira, como diz a Palavra, seja capaz, veraz, verdadeiro, temente a Deus e aborre\u00e7a o ganho il\u00edcito\u201d.<\/p>\n<p>Os l\u00edderes evang\u00e9licos foram recebidos em nome do presidente da C\u00e2mara, Rodrigo Maia (DEM-RJ), pelo deputado federal Roberto de Lucena (PODE-SP). O ato de ora\u00e7\u00e3o que foi considerado algo novo, de acordo com o deputado federal Gilberto Nascimento (PSC-SP).<\/p>\n<p>\u201c\u00c9 muito bom estarmos hoje aqui na presid\u00eancia da Casa fazendo uma ora\u00e7\u00e3o em voz alta, o que normalmente n\u00e3o acontece. As pessoas vem aqui, oram quietinhas, e podemos notar que alguma coisa est\u00e1 mudando\u201d, observou Nascimento.<\/p>\n<p>Nascimento lembrou-se de alguns acontecimentos que marcaram a\u00a0<a href=\"https:\/\/guiame.com.br\/gospel\/noticias\/nosso-pais-vivera-um-novo-tempo-de-paz-e-prosperidade-diz-lucena-em-sessao-no-congresso.html\"><strong>sess\u00e3o solene\u00a0<\/strong><\/a>em comemora\u00e7\u00e3o aos 30 anos da Constitui\u00e7\u00e3o de 1988, que aconteceu no dia 6 de novembro.<\/p>\n<p>\u201cTodos os chefes de poder iniciaram ou terminaram suas palavras agradecendo a Deus. Isso \u00e9 uma novidade. Quando o presidente eleito Jair Bolsonaro fez seu discurso, em 3 minutos de sua fala, ele citou o nome de Deus sete vezes\u201d, observou o deputado.<\/p>\n<p>O parlamentar ainda revelou que o ato de externar a f\u00e9 n\u00e3o \u00e9 algo que acontece normalmente no \u00e2mbito pol\u00edtico. \u201cEu acho que o Brasil ganha um novo momento. Esse \u00e9 o governo que chegou anunciando que vai estar alinhado com Israel e com os Estados Unidos. \u00c9 governo de b\u00ean\u00e7\u00e3os, que se encaixa a palavra \u2018aben\u00e7oarei os que te aben\u00e7oarem e amaldi\u00e7oarei os que te amaldi\u00e7oarem\u2019\u201d, disse Nascimento, em refer\u00eancia a G\u00eanesis 12:3.<\/p>\n<p>\u201cN\u00e3o vamos governar com Karl Marx, vamos governar com a B\u00edblia e a Constitui\u00e7\u00e3o\u201d, completou o parlamentar. \u201cAgora n\u00f3s vamos ver o momento que diz: feliz a na\u00e7\u00e3o cujo Deus \u00e9 o Senhor. Esta palavra, profeticamente, n\u00f3s vamos ver acontecer no Brasil\u201d.<\/p>\n<p>FONTE: GUIAME, LUANA NOVAES<\/p>\n<p>&nbsp;<\/p>\n","protected":false},"excerpt":{"rendered":"<p>Membros do\u00a0Conselho Apost\u00f3lico Brasileiro (CAB)\u00a0oraram por mudan\u00e7as no Brasil na sala da presid\u00eancia da C\u00e2mara dos Deputados na \u00faltima ter\u00e7a-feira (20). Com um exemplar da Constitui\u00e7\u00e3o em m\u00e3os, os l\u00edderes evang\u00e9licos intercederam pelas autoridades que ir\u00e3o assumir seus cargos em 2019. \u201cVamos ter uma renova\u00e7\u00e3o em muitas esferas do governo e haver\u00e1 um novo presidente [&hellip;]<\/p>\n","protected":false},"author":2,"featured_media":1932,"comment_status":"open","ping_status":"open","sticky":false,"template":"","format":"standard","meta":[],"categories":[2,5,6],"tags":[],"_links":{"self":[{"href":"https:\/\/dgospel.com.br\/portal\/index.php\/wp-json\/wp\/v2\/posts\/1931"}],"collection":[{"href":"https:\/\/dgospel.com.br\/portal\/index.php\/wp-json\/wp\/v2\/posts"}],"about":[{"href":"https:\/\/dgospel.com.br\/portal\/index.php\/wp-json\/wp\/v2\/types\/post"}],"author":[{"embeddable":true,"href":"https:\/\/dgospel.com.br\/portal\/index.php\/wp-json\/wp\/v2\/users\/2"}],"replies":[{"embeddable":true,"href":"https:\/\/dgospel.com.br\/portal\/index.php\/wp-json\/wp\/v2\/comments?post=1931"}],"version-history":[{"count":1,"href":"https:\/\/dgospel.com.br\/portal\/index.php\/wp-json\/wp\/v2\/posts\/1931\/revisions"}],"predecessor-version":[{"id":1933,"href":"https:\/\/dgospel.com.br\/portal\/index.php\/wp-json\/wp\/v2\/posts\/1931\/revisions\/1933"}],"wp:featuredmedia":[{"embeddable":true,"href":"https:\/\/dgospel.com.br\/portal\/index.php\/wp-json\/wp\/v2\/media\/1932"}],"wp:attachment":[{"href":"https:\/\/dgospel.com.br\/portal\/index.php\/wp-json\/wp\/v2\/media?parent=1931"}],"wp:term":[{"taxonomy":"category","embeddable":true,"href":"https:\/\/dgospel.com.br\/portal\/index.php\/wp-json\/wp\/v2\/categories?post=1931"},{"taxonomy":"post_tag","embeddable":true,"href":"https:\/\/dgospel.com.br\/portal\/index.php\/wp-json\/wp\/v2\/tags?post=1931"}],"curies":[{"name":"wp","href":"https:\/\/api.w.org\/{rel}","templated":true}]}}