{"id":19312,"date":"2024-05-06T16:41:17","date_gmt":"2024-05-06T19:41:17","guid":{"rendered":"https:\/\/dgospel.com.br\/portal\/?p=19312"},"modified":"2024-05-06T16:41:19","modified_gmt":"2024-05-06T19:41:19","slug":"governo-lula-impoe-sigilo-a-numero-de-fugas-em-presidios-brasileiros","status":"publish","type":"post","link":"https:\/\/dgospel.com.br\/portal\/index.php\/2024\/05\/06\/governo-lula-impoe-sigilo-a-numero-de-fugas-em-presidios-brasileiros\/","title":{"rendered":"Governo Lula imp\u00f5e sigilo a n\u00famero de fugas em pres\u00eddios brasileiros"},"content":{"rendered":"\n<p>O Minist\u00e9rio da Justi\u00e7a e Seguran\u00e7a P\u00fablica (MJSP), sob a gest\u00e3o do governo Lula, decidiu impor sigilo ao n\u00famero de fugas registradas nos pres\u00eddios brasileiros durante o ano de 2023, conforme relatado pelo jornal Metr\u00f3poles, que teve seu pedido de acesso aos dados negado por meio da Lei de Acesso \u00e0 Informa\u00e7\u00e3o (LAI).<\/p>\n\n\n\n<p>Segundo o jornal, o Minist\u00e9rio justificou que a informa\u00e7\u00e3o \u00e9 de car\u00e1ter &#8220;reservado&#8221; e permanecer\u00e1 em sigilo pelos pr\u00f3ximos cinco anos. Esta negativa foi mantida em todas as inst\u00e2ncias da pasta e recebeu o aval do ministro da Justi\u00e7a e ex-ministro do Supremo Tribunal Federal (STF), Ricardo Lewandowski.<\/p>\n\n\n\n<p>A Secretaria Nacional de Pol\u00edticas Penais (Senapen), vinculada ao Minist\u00e9rio da Justi\u00e7a, alegou que a divulga\u00e7\u00e3o dos dados poderia colocar em risco a vida, seguran\u00e7a ou sa\u00fade da popula\u00e7\u00e3o, bem como a seguran\u00e7a de institui\u00e7\u00f5es ou autoridades nacionais e estrangeiras, al\u00e9m de familiares.<\/p>\n\n\n\n<p>As fugas em pres\u00eddios brasileiros ganharam destaque, especialmente ap\u00f3s o incidente em Mossor\u00f3, no Rio Grande do Norte, onde dois membros do Comando Vermelho escaparam de uma penitenci\u00e1ria federal de seguran\u00e7a m\u00e1xima, sendo recapturados somente ap\u00f3s 50 dias de intensa busca. Esse epis\u00f3dio evidenciou fragilidades no sistema penitenci\u00e1rio e desafios de coordena\u00e7\u00e3o na \u00e1rea da Seguran\u00e7a P\u00fablica.<\/p>\n\n\n\n<p>O sigilo de informa\u00e7\u00f5es de interesse p\u00fablico tem sido uma caracter\u00edstica marcante do governo Lula. Recentemente, o Tribunal de Contas da Uni\u00e3o (TCU) deu parecer favor\u00e1vel a uma auditoria sobre o uso de jatinhos da For\u00e7a A\u00e9rea Brasileira (FAB), com a ressalva de que informa\u00e7\u00f5es sobre viagens de &#8220;altas autoridades&#8221; podem ser mantidas em sigilo mesmo ap\u00f3s a realiza\u00e7\u00e3o das viagens.<\/p>\n\n\n\n<p>Essa decis\u00e3o do TCU afeta solicita\u00e7\u00f5es de voos feitas pelo vice-presidente da Rep\u00fablica, ministros do STF, pelo procurador-geral da Rep\u00fablica e pelos presidentes do Senado e da C\u00e2mara dos Deputados, deixando de fora os ministros de Estado.<\/p>\n\n\n\n<p>Segundo levantamento do jornal O Estado de S\u00e3o Paulo (Estad\u00e3o), o governo Lula negou mais de 1,3 mil pedidos de informa\u00e7\u00e3o no ano passado, abrangendo uma variedade de temas, incluindo a agenda da primeira-dama, Ros\u00e2ngela Lula da Silva, e a lista de militares do Batalh\u00e3o da Guarda Presidencial presentes durante os eventos de 8 de janeiro de 2023.<\/p>\n\n\n\n<p>Em algumas dessas negativas, a Controladoria Geral da Uni\u00e3o (CGU) justificou que as informa\u00e7\u00f5es solicitadas se referiam a &#8220;dados pessoais&#8221;, o que implica em um sigilo de 100 anos, de acordo com o artigo 31 da LAI, que estabelece restri\u00e7\u00f5es de acesso a informa\u00e7\u00f5es pessoais por esse per\u00edodo.<\/p>\n","protected":false},"excerpt":{"rendered":"<p>O Minist\u00e9rio da Justi\u00e7a e Seguran\u00e7a P\u00fablica (MJSP), sob a gest\u00e3o do governo Lula, decidiu impor sigilo ao n\u00famero de fugas registradas nos pres\u00eddios brasileiros durante o ano de 2023, conforme relatado pelo jornal Metr\u00f3poles, que teve seu pedido de acesso aos dados negado por meio da Lei de Acesso \u00e0 Informa\u00e7\u00e3o (LAI). Segundo o [&hellip;]<\/p>\n","protected":false},"author":2,"featured_media":19313,"comment_status":"open","ping_status":"open","sticky":false,"template":"","format":"standard","meta":[],"categories":[12,4],"tags":[],"_links":{"self":[{"href":"https:\/\/dgospel.com.br\/portal\/index.php\/wp-json\/wp\/v2\/posts\/19312"}],"collection":[{"href":"https:\/\/dgospel.com.br\/portal\/index.php\/wp-json\/wp\/v2\/posts"}],"about":[{"href":"https:\/\/dgospel.com.br\/portal\/index.php\/wp-json\/wp\/v2\/types\/post"}],"author":[{"embeddable":true,"href":"https:\/\/dgospel.com.br\/portal\/index.php\/wp-json\/wp\/v2\/users\/2"}],"replies":[{"embeddable":true,"href":"https:\/\/dgospel.com.br\/portal\/index.php\/wp-json\/wp\/v2\/comments?post=19312"}],"version-history":[{"count":1,"href":"https:\/\/dgospel.com.br\/portal\/index.php\/wp-json\/wp\/v2\/posts\/19312\/revisions"}],"predecessor-version":[{"id":19314,"href":"https:\/\/dgospel.com.br\/portal\/index.php\/wp-json\/wp\/v2\/posts\/19312\/revisions\/19314"}],"wp:featuredmedia":[{"embeddable":true,"href":"https:\/\/dgospel.com.br\/portal\/index.php\/wp-json\/wp\/v2\/media\/19313"}],"wp:attachment":[{"href":"https:\/\/dgospel.com.br\/portal\/index.php\/wp-json\/wp\/v2\/media?parent=19312"}],"wp:term":[{"taxonomy":"category","embeddable":true,"href":"https:\/\/dgospel.com.br\/portal\/index.php\/wp-json\/wp\/v2\/categories?post=19312"},{"taxonomy":"post_tag","embeddable":true,"href":"https:\/\/dgospel.com.br\/portal\/index.php\/wp-json\/wp\/v2\/tags?post=19312"}],"curies":[{"name":"wp","href":"https:\/\/api.w.org\/{rel}","templated":true}]}}