{"id":19334,"date":"2024-05-06T17:22:16","date_gmt":"2024-05-06T20:22:16","guid":{"rendered":"https:\/\/dgospel.com.br\/portal\/?p=19334"},"modified":"2024-05-06T17:22:18","modified_gmt":"2024-05-06T20:22:18","slug":"seguranca-publica-do-tocantins-recebe-capacitacao-sobre-inteligencia-cibernetica","status":"publish","type":"post","link":"https:\/\/dgospel.com.br\/portal\/index.php\/2024\/05\/06\/seguranca-publica-do-tocantins-recebe-capacitacao-sobre-inteligencia-cibernetica\/","title":{"rendered":"Seguran\u00e7a P\u00fablica do Tocantins recebe capacita\u00e7\u00e3o sobre Intelig\u00eancia Cibern\u00e9tica"},"content":{"rendered":"\n<p>Entre os dias 6 e 10 de maio, ocorre a 32\u00aa edi\u00e7\u00e3o do Curso de Intelig\u00eancia Cibern\u00e9tica (CIC), em Palmas. O curso est\u00e1 sendo realizado no Centro Integrado de Comando e Controle (CICC) e tem como objetivo capacitar profissionais da \u00e1rea de Intelig\u00eancia da Seguran\u00e7a P\u00fablica que j\u00e1 possuem o Curso de Introdu\u00e7\u00e3o \u00e0 Atividade de Intelig\u00eancia, ou equivalente, para utilizar equipamentos, softwares e t\u00e9cnicas que permitam a descoberta, a aquisi\u00e7\u00e3o, a preserva\u00e7\u00e3o e o processamento de dados presentes em ambiente cibern\u00e9tico.<\/p>\n\n\n\n<p>O evento conta com a participa\u00e7\u00e3o de profissionais da \u00e1rea de Intelig\u00eancia da Seguran\u00e7a P\u00fablica de diversos estados brasileiros e da Uni\u00e3o, bem como outros profissionais que atuam ou apoiam o Subsistema de Intelig\u00eancia de Seguran\u00e7a P\u00fablica. Na cerim\u00f4nia de abertura, estiveram presentes representantes da Pol\u00edcia Militar (PM), do Corpo de Bombeiros (CBM), da Pol\u00edcia Federal (PF), da Pol\u00edcia Rodovi\u00e1ria Federal (PRF) e da Secretaria de Estado da Seguran\u00e7a P\u00fablica (SSP).<\/p>\n\n\n\n<p>O curso \u00e9 oferecido pelo Minist\u00e9rio da Justi\u00e7a em parceria com a Secretaria de Estado da Seguran\u00e7a P\u00fablica do Tocantins (SSP\/TO), sob coordena\u00e7\u00e3o da Superintend\u00eancia de Intelig\u00eancia Estrat\u00e9gica e apoio log\u00edstico da Escola Superior de Pol\u00edcia Civil (Espol). \u201cO curso aborda um tema extremamente relevante na atualidade. Percebemos que h\u00e1 um avan\u00e7o dos crimes utilizando os meios virtuais e h\u00e1 a necessidade das for\u00e7as de seguran\u00e7a se aprimorarem para combater e investigar esses tipos de crimes, que est\u00e3o cada vez mais presentes no cen\u00e1rio atual\u201d, destaca o superintendente de Intelig\u00eancia Estrat\u00e9gica, Emerson Francisco de Moura.<\/p>\n\n\n\n<p>O delegado-geral da Pol\u00edcia Civil do Tocantins, Claudemir Luiz Ferreira, explica que o curso conta com a participa\u00e7\u00e3o de aproximadamente 70 profissionais distribu\u00eddos entre corpo docente e discente. \u201cEste curso mostra o comprometimento da Seguran\u00e7a P\u00fablica em fornecer as ferramentas e os conhecimentos necess\u00e1rios para enfrentar os desafios do ciberespa\u00e7o e garantir a seguran\u00e7a digital da sociedade\u201d, finaliza.<\/p>\n","protected":false},"excerpt":{"rendered":"<p>Entre os dias 6 e 10 de maio, ocorre a 32\u00aa edi\u00e7\u00e3o do Curso de Intelig\u00eancia Cibern\u00e9tica (CIC), em Palmas. O curso est\u00e1 sendo realizado no Centro Integrado de Comando e Controle (CICC) e tem como objetivo capacitar profissionais da \u00e1rea de Intelig\u00eancia da Seguran\u00e7a P\u00fablica que j\u00e1 possuem o Curso de Introdu\u00e7\u00e3o \u00e0 Atividade [&hellip;]<\/p>\n","protected":false},"author":2,"featured_media":19335,"comment_status":"open","ping_status":"open","sticky":false,"template":"","format":"standard","meta":[],"categories":[3],"tags":[13],"_links":{"self":[{"href":"https:\/\/dgospel.com.br\/portal\/index.php\/wp-json\/wp\/v2\/posts\/19334"}],"collection":[{"href":"https:\/\/dgospel.com.br\/portal\/index.php\/wp-json\/wp\/v2\/posts"}],"about":[{"href":"https:\/\/dgospel.com.br\/portal\/index.php\/wp-json\/wp\/v2\/types\/post"}],"author":[{"embeddable":true,"href":"https:\/\/dgospel.com.br\/portal\/index.php\/wp-json\/wp\/v2\/users\/2"}],"replies":[{"embeddable":true,"href":"https:\/\/dgospel.com.br\/portal\/index.php\/wp-json\/wp\/v2\/comments?post=19334"}],"version-history":[{"count":1,"href":"https:\/\/dgospel.com.br\/portal\/index.php\/wp-json\/wp\/v2\/posts\/19334\/revisions"}],"predecessor-version":[{"id":19336,"href":"https:\/\/dgospel.com.br\/portal\/index.php\/wp-json\/wp\/v2\/posts\/19334\/revisions\/19336"}],"wp:featuredmedia":[{"embeddable":true,"href":"https:\/\/dgospel.com.br\/portal\/index.php\/wp-json\/wp\/v2\/media\/19335"}],"wp:attachment":[{"href":"https:\/\/dgospel.com.br\/portal\/index.php\/wp-json\/wp\/v2\/media?parent=19334"}],"wp:term":[{"taxonomy":"category","embeddable":true,"href":"https:\/\/dgospel.com.br\/portal\/index.php\/wp-json\/wp\/v2\/categories?post=19334"},{"taxonomy":"post_tag","embeddable":true,"href":"https:\/\/dgospel.com.br\/portal\/index.php\/wp-json\/wp\/v2\/tags?post=19334"}],"curies":[{"name":"wp","href":"https:\/\/api.w.org\/{rel}","templated":true}]}}