{"id":19367,"date":"2024-05-07T15:46:20","date_gmt":"2024-05-07T18:46:20","guid":{"rendered":"https:\/\/dgospel.com.br\/portal\/?p=19367"},"modified":"2024-05-07T15:46:21","modified_gmt":"2024-05-07T18:46:21","slug":"deputado-gipao-manifesta-alegria-em-participar-e-apoiar-a-marcha-para-jesus-de-palmas","status":"publish","type":"post","link":"https:\/\/dgospel.com.br\/portal\/index.php\/2024\/05\/07\/deputado-gipao-manifesta-alegria-em-participar-e-apoiar-a-marcha-para-jesus-de-palmas\/","title":{"rendered":"Deputado Gip\u00e3o manifesta alegria em participar e apoiar a Marcha para Jesus de Palmas"},"content":{"rendered":"\n<p>O deputado estadual Gip\u00e3o (PL) participou no \u00faltimo s\u00e1bado (04), da Marcha para Jesus, na capital Palmas. O evento \u00e9 conhecido como um movimento pac\u00edfico que re\u00fane igrejas crist\u00e3s de todas as denomina\u00e7\u00f5es, al\u00e9m de ser aberto \u00e0 participa\u00e7\u00e3o de toda a popula\u00e7\u00e3o e faz parte do calend\u00e1rio oficial do pa\u00eds desde setembro de 2009, quando a Lei Federal 12.025 foi sancionada.<\/p>\n\n\n\n<p>O parlamentar destacou que, mesmo depois de tantos anos, a Marcha continua reunindo um grande p\u00fablico e impactando vidas.<\/p>\n\n\n\n<p>\u201c\u00c9 uma alegria enorme apoiar e tamb\u00e9m participar de um evento como este, que re\u00fane milhares de pessoas de diferentes igrejas evang\u00e9licas da nossa capital, para proclamar e celebrar o nome de Jesus Cristo. O povo evang\u00e9lico \u00e9 ordeiro, portanto, trata-se de um ajuntamento pac\u00edfico. O que n\u00f3s mais precisamos neste momento \u00e9 paz, amor ao pr\u00f3ximo, solidariedade e justi\u00e7a social. E em meio a tantas guerras, conflitos e cat\u00e1strofes naturais, n\u00f3s temos muitos motivos para agradecer ao Eterno, por ter aqui este estado aben\u00e7oado, que \u00e9 o Tocantins\u201d, afirmou Gip\u00e3o.<\/p>\n\n\n\n<p>O tradicional evento foi realizada pela Ordem dos Ministros Evang\u00e9licos de Palmas (OMEP), sob o comando do ap\u00f3stolo Sebasti\u00e3o Tertuliano.<\/p>\n\n\n\n<p>A programa\u00e7\u00e3o teve momentos de adora\u00e7\u00e3o e louvor com os cantores:&nbsp; Delino Mar\u00e7al, Banda Manancial, Mattos Nascimento, Sandro Nazirel, Jhonny Salva\u00e7\u00e3o e banda Xote Santo.<\/p>\n\n\n\n<p>O encerramento da celebra\u00e7\u00e3o aconteceu na pra\u00e7a dos Girass\u00f3is, com a apresenta\u00e7\u00e3o do cantor Fernandinho. Um grande clamor em favor do estado do Rio Grande do Sul e o s 345 munic\u00edpios ga\u00fachos atingidos pelos temporais, fechou o evento.<\/p>\n\n\n\n<p><strong>Marcha Para Jesus<\/strong><\/p>\n\n\n\n<p>A Marcha para Jesus chegou ao Brasil em 1993. Naquele ano, j\u00e1 sob a coordena\u00e7\u00e3o do Ap\u00f3stolo Estevam Hernandes, foi realizada a 1\u00aa edi\u00e7\u00e3o que saiu da Av. Paulista, desceu a Av. Brigadeiro Lu\u00eds Ant\u00f4nio e chegou ao Vale do Anhangaba\u00fa para a concentra\u00e7\u00e3o.<\/p>\n\n\n\n<p>Desde ent\u00e3o, o evento j\u00e1 foi realizado em pa\u00edses como Argentina, Canad\u00e1, Col\u00f4mbia, Cuba, Estados Unidos, Finl\u00e2ndia, Fran\u00e7a, It\u00e1lia, Jap\u00e3o, Mo\u00e7ambique, R\u00fassia, entre outros. Em 2023, a Marcha aconteceu pela nona vez em Israel, durante a Caravana Apost\u00f3lica.<\/p>\n","protected":false},"excerpt":{"rendered":"<p>O deputado estadual Gip\u00e3o (PL) participou no \u00faltimo s\u00e1bado (04), da Marcha para Jesus, na capital Palmas. O evento \u00e9 conhecido como um movimento pac\u00edfico que re\u00fane igrejas crist\u00e3s de todas as denomina\u00e7\u00f5es, al\u00e9m de ser aberto \u00e0 participa\u00e7\u00e3o de toda a popula\u00e7\u00e3o e faz parte do calend\u00e1rio oficial do pa\u00eds desde setembro de 2009, [&hellip;]<\/p>\n","protected":false},"author":2,"featured_media":19368,"comment_status":"open","ping_status":"open","sticky":false,"template":"","format":"standard","meta":[],"categories":[5],"tags":[],"_links":{"self":[{"href":"https:\/\/dgospel.com.br\/portal\/index.php\/wp-json\/wp\/v2\/posts\/19367"}],"collection":[{"href":"https:\/\/dgospel.com.br\/portal\/index.php\/wp-json\/wp\/v2\/posts"}],"about":[{"href":"https:\/\/dgospel.com.br\/portal\/index.php\/wp-json\/wp\/v2\/types\/post"}],"author":[{"embeddable":true,"href":"https:\/\/dgospel.com.br\/portal\/index.php\/wp-json\/wp\/v2\/users\/2"}],"replies":[{"embeddable":true,"href":"https:\/\/dgospel.com.br\/portal\/index.php\/wp-json\/wp\/v2\/comments?post=19367"}],"version-history":[{"count":1,"href":"https:\/\/dgospel.com.br\/portal\/index.php\/wp-json\/wp\/v2\/posts\/19367\/revisions"}],"predecessor-version":[{"id":19369,"href":"https:\/\/dgospel.com.br\/portal\/index.php\/wp-json\/wp\/v2\/posts\/19367\/revisions\/19369"}],"wp:featuredmedia":[{"embeddable":true,"href":"https:\/\/dgospel.com.br\/portal\/index.php\/wp-json\/wp\/v2\/media\/19368"}],"wp:attachment":[{"href":"https:\/\/dgospel.com.br\/portal\/index.php\/wp-json\/wp\/v2\/media?parent=19367"}],"wp:term":[{"taxonomy":"category","embeddable":true,"href":"https:\/\/dgospel.com.br\/portal\/index.php\/wp-json\/wp\/v2\/categories?post=19367"},{"taxonomy":"post_tag","embeddable":true,"href":"https:\/\/dgospel.com.br\/portal\/index.php\/wp-json\/wp\/v2\/tags?post=19367"}],"curies":[{"name":"wp","href":"https:\/\/api.w.org\/{rel}","templated":true}]}}