{"id":19377,"date":"2024-05-08T08:55:14","date_gmt":"2024-05-08T11:55:14","guid":{"rendered":"https:\/\/dgospel.com.br\/portal\/?p=19377"},"modified":"2024-05-08T08:55:15","modified_gmt":"2024-05-08T11:55:15","slug":"bancada-evangelica-reune-com-o-ministro-da-justica-para-buscar-uma-solucao-para-a-resolucao-sobre-liberdade-religiosa-em-presidios","status":"publish","type":"post","link":"https:\/\/dgospel.com.br\/portal\/index.php\/2024\/05\/08\/bancada-evangelica-reune-com-o-ministro-da-justica-para-buscar-uma-solucao-para-a-resolucao-sobre-liberdade-religiosa-em-presidios\/","title":{"rendered":"Bancada evang\u00e9lica re\u00fane com o ministro da Justi\u00e7a para buscar uma solu\u00e7\u00e3o para a Resolu\u00e7\u00e3o sobre liberdade religiosa em pres\u00eddios"},"content":{"rendered":"\n<p>Nesta ter\u00e7a-feira (7), a bancada evang\u00e9lica, chefiada pelo senador Carlos Viana (Podemos-MG), se reuniu com o ministro da Justi\u00e7a, Ricardo Lewandowski, para buscar uma solu\u00e7\u00e3o para a Resolu\u00e7\u00e3o n\u00ba 34 do Conselho Nacional de Pol\u00edtica Criminal e Penitenci\u00e1ria, emitida na \u00faltima semana, que pro\u00edbe o proselitismo religioso dentro dos pres\u00eddios.<\/p>\n\n\n\n<p>Os parlamentares mostraram ao ministro, que tamb\u00e9m \u00e9 presidente do Conselho, as necessidades de mudan\u00e7a no texto da resolu\u00e7\u00e3o para que a liberdade religiosa seja garantida em sua totalidade.<\/p>\n\n\n\n<p>\u2013 Ficou certo que n\u00f3s vamos encaminhar uma s\u00e9rie de observa\u00e7\u00f5es sobre os pontos mais pol\u00eamicos e que no nosso entendimento [a resolu\u00e7\u00e3o] pro\u00edbe a prega\u00e7\u00e3o e a liberdade religiosa nos pres\u00eddios \u2013 disse Viana.<\/p>\n\n\n\n<p>O senador entende que a forma como o documento foi escrito pode dar margens para interpreta\u00e7\u00f5es diversas nas penitenci\u00e1rias brasileiras.<\/p>\n\n\n\n<p>\u2013 O entendimento da letra fria aqui em Bras\u00edlia \u00e9 um, mas quando se chega ao port\u00e3o dos pres\u00eddios em todo o pa\u00eds pode ser outro. H\u00e1 v\u00e1rios pontos que, ao nosso ver, s\u00e3o retrocessos, por exemplo, a autoriza\u00e7\u00e3o do proselitismo religioso \u2013 completou.<\/p>\n\n\n\n<p>O presidente da Frente Parlamentar Evang\u00e9lica do Senado entende que vetar o proselitismo religioso nos pres\u00eddios vai prejudicar principalmente os evang\u00e9licos, que convidam os presos para participarem dos cultos. Inclusive, o senador cita os bons resultados dos evangelismos nas penitenci\u00e1rias do pa\u00eds.<\/p>\n\n\n\n<p>\u2013 Um preso quando se converte, ele passa a conviver com os irm\u00e3os da f\u00e9. Em muitos pres\u00eddios h\u00e1 pavilh\u00f5es espec\u00edficos para os evang\u00e9licos onde n\u00e3o h\u00e1 rebeli\u00e3o, onde n\u00e3o h\u00e1 indisciplina e onde a maioria sai por cumprimento da senten\u00e7a e n\u00e3o volta mais. O preso ao se converter sai das m\u00e3os da fac\u00e7\u00e3o do crime e passa a conviver dentro da f\u00e9 no sistema em que ele optou livremente. Ningu\u00e9m \u00e9 obrigado a se converter \u2013 defendeu.<\/p>\n\n\n\n<p>Os pontos principais que os parlamentares pedem mudan\u00e7a na resolu\u00e7\u00e3o \u00e9 para que se garanta total liberdade religiosa e pleno proselitismo religioso. Agora, deputados e senadores far\u00e3o as altera\u00e7\u00f5es que acharem justas e enviar\u00e3o o documento ao ministro na pr\u00f3xima semana.<\/p>\n","protected":false},"excerpt":{"rendered":"<p>Nesta ter\u00e7a-feira (7), a bancada evang\u00e9lica, chefiada pelo senador Carlos Viana (Podemos-MG), se reuniu com o ministro da Justi\u00e7a, Ricardo Lewandowski, para buscar uma solu\u00e7\u00e3o para a Resolu\u00e7\u00e3o n\u00ba 34 do Conselho Nacional de Pol\u00edtica Criminal e Penitenci\u00e1ria, emitida na \u00faltima semana, que pro\u00edbe o proselitismo religioso dentro dos pres\u00eddios. Os parlamentares mostraram ao ministro, [&hellip;]<\/p>\n","protected":false},"author":2,"featured_media":19378,"comment_status":"open","ping_status":"open","sticky":false,"template":"","format":"standard","meta":[],"categories":[8],"tags":[13],"_links":{"self":[{"href":"https:\/\/dgospel.com.br\/portal\/index.php\/wp-json\/wp\/v2\/posts\/19377"}],"collection":[{"href":"https:\/\/dgospel.com.br\/portal\/index.php\/wp-json\/wp\/v2\/posts"}],"about":[{"href":"https:\/\/dgospel.com.br\/portal\/index.php\/wp-json\/wp\/v2\/types\/post"}],"author":[{"embeddable":true,"href":"https:\/\/dgospel.com.br\/portal\/index.php\/wp-json\/wp\/v2\/users\/2"}],"replies":[{"embeddable":true,"href":"https:\/\/dgospel.com.br\/portal\/index.php\/wp-json\/wp\/v2\/comments?post=19377"}],"version-history":[{"count":1,"href":"https:\/\/dgospel.com.br\/portal\/index.php\/wp-json\/wp\/v2\/posts\/19377\/revisions"}],"predecessor-version":[{"id":19379,"href":"https:\/\/dgospel.com.br\/portal\/index.php\/wp-json\/wp\/v2\/posts\/19377\/revisions\/19379"}],"wp:featuredmedia":[{"embeddable":true,"href":"https:\/\/dgospel.com.br\/portal\/index.php\/wp-json\/wp\/v2\/media\/19378"}],"wp:attachment":[{"href":"https:\/\/dgospel.com.br\/portal\/index.php\/wp-json\/wp\/v2\/media?parent=19377"}],"wp:term":[{"taxonomy":"category","embeddable":true,"href":"https:\/\/dgospel.com.br\/portal\/index.php\/wp-json\/wp\/v2\/categories?post=19377"},{"taxonomy":"post_tag","embeddable":true,"href":"https:\/\/dgospel.com.br\/portal\/index.php\/wp-json\/wp\/v2\/tags?post=19377"}],"curies":[{"name":"wp","href":"https:\/\/api.w.org\/{rel}","templated":true}]}}