{"id":19389,"date":"2024-05-08T09:22:08","date_gmt":"2024-05-08T12:22:08","guid":{"rendered":"https:\/\/dgospel.com.br\/portal\/?p=19389"},"modified":"2024-05-08T09:22:10","modified_gmt":"2024-05-08T12:22:10","slug":"igreja-envia-carreta-ao-rs-para-fazer-refeicoes-e-lavagem-de-roupas","status":"publish","type":"post","link":"https:\/\/dgospel.com.br\/portal\/index.php\/2024\/05\/08\/igreja-envia-carreta-ao-rs-para-fazer-refeicoes-e-lavagem-de-roupas\/","title":{"rendered":"Igreja envia carreta ao RS para fazer refei\u00e7\u00f5es e lavagem de roupas"},"content":{"rendered":"\n<p>A<strong><a href=\"https:\/\/guiame.com.br\/gospel\/missoes-acao-social\/carreta-de-igreja-doa-mais-de-10-mil-marmitas-afetados-pelas-tempestades-no-pr.html\">&nbsp;carreta solid\u00e1ria<\/a><\/strong>&nbsp;da Ag\u00eancia Adventista de Desenvolvimento e Recursos Assistenciais (ADRA) chegou ao<strong><a href=\"https:\/\/guiame.com.br\/gospel\/missoes-acao-social\/saiba-como-contribuir-com-igrejas-que-estao-acolhendo-desabrigados-no-rs.html\">&nbsp;Rio Grande do Sul&nbsp;<\/a><\/strong>no domingo (5) para ajudar as v\u00edtimas das&nbsp;<strong><a href=\"https:\/\/guiame.com.br\/gospel\/mundo-cristao\/familia-e-vista-louvando-em-casa-alagada-no-rs-verdadeiros-adoradores.html\">enchentes<\/a><\/strong>&nbsp;que assolou o estado.<\/p>\n\n\n\n<p>Mais de 200 mil est\u00e3o desabrigados em 388 cidades atingidas. No total, 844 mil pessoas foram afetadas pelas fortes chuvas. Al\u00e9m disso, a popula\u00e7\u00e3o atingida enfrenta falta de \u00e1gua, energia el\u00e9trica e internet.<\/p>\n\n\n\n<p>A carreta equipada tem a capacidade de preparar 1.500 refei\u00e7\u00f5es quentes por dia, e lavar e secar 105 quilos de roupa por turno.<\/p>\n\n\n\n<p>A unidade m\u00f3vel da Igreja Adventista permanecer\u00e1 na cidade de Igrejinha, no Parque da Oktoberfest, pelos pr\u00f3ximos 15 dias, e poder\u00e1 ser enviada para outros munic\u00edpios, conforme a necessidade.<\/p>\n\n\n\n<p><strong>Hor\u00e1rio de atendimento<\/strong><\/p>\n\n\n\n<p><\/p>\n\n\n\n<figure class=\"wp-block-image size-large\"><img loading=\"lazy\" width=\"1024\" height=\"576\" src=\"https:\/\/dgospel.com.br\/portal\/wp-content\/uploads\/2024\/05\/0000-1024x576.webp\" alt=\"\" class=\"wp-image-19391\" srcset=\"https:\/\/dgospel.com.br\/portal\/wp-content\/uploads\/2024\/05\/0000-1024x576.webp 1024w, https:\/\/dgospel.com.br\/portal\/wp-content\/uploads\/2024\/05\/0000-300x169.webp 300w, https:\/\/dgospel.com.br\/portal\/wp-content\/uploads\/2024\/05\/0000-768x432.webp 768w, https:\/\/dgospel.com.br\/portal\/wp-content\/uploads\/2024\/05\/0000.webp 1536w\" sizes=\"(max-width: 1024px) 100vw, 1024px\" \/><figcaption><sup>A Carreta Solid\u00e1ria vai ajudar as v\u00edtimas das enchentes. (Foto: Divulga\u00e7\u00e3o\/Not\u00edcias Adventistas).<\/sup><\/figcaption><\/figure>\n\n\n\n<p><\/p>\n\n\n\n<p>O hor\u00e1rio para lavagem de roupas dos desabrigados pelas enchentes \u00e9 das 9h \u00e0s 18h. J\u00e1 a distribui\u00e7\u00e3o de refei\u00e7\u00f5es acontece \u00e0s 12h e \u00e0s 18h.<\/p>\n\n\n\n<p>A carreta solid\u00e1ria tamb\u00e9m vai servir de ponto de arrecada\u00e7\u00e3o de doa\u00e7\u00f5es de alimentos, roupas, \u00e1gua, itens de limpeza e higiene pessoal.<\/p>\n\n\n\n<p>\u201cEstamos comprometidos em aliviar o sofrimento das comunidades afetadas, mobilizando todos os recursos dispon\u00edveis para responder eficazmente a esta crise&#8221;, declarou F\u00e1bio Salles, diretor da ADRA Brasil.<\/p>\n\n\n\n<p><strong>Gest\u00e3o de abrigos<\/strong><\/p>\n\n\n\n<p>Al\u00e9m disso, em parceria com a Secretaria Municipal de Desenvolvimento Social, a equipe da ADRA realizar\u00e1 a gest\u00e3o dos abrigos que est\u00e3o recebendo pessoas desalojadas em Porto Alegre.<\/p>\n\n\n\n<p>A ADRA iniciou uma campanha de doa\u00e7\u00e3o nacional atrav\u00e9s de seu pix sos@adra.org.br.<\/p>\n\n\n\n<p>\u201cO objetivo \u00e9 oferecer vouchers multiprop\u00f3sito \u00e0s fam\u00edlias para que possam comprar alimentos, itens de higiene, itens de limpeza e at\u00e9 utens\u00edlios para o lar, ajuda que acreditamos ser fundamental nesse primeiro momento da resposta\u201d, explicou o coordenador de Emerg\u00eancias da ADRA Brasil, Andr\u00e9 Alencar.<\/p>\n\n\n\n<p><\/p>\n","protected":false},"excerpt":{"rendered":"<p>A&nbsp;carreta solid\u00e1ria&nbsp;da Ag\u00eancia Adventista de Desenvolvimento e Recursos Assistenciais (ADRA) chegou ao&nbsp;Rio Grande do Sul&nbsp;no domingo (5) para ajudar as v\u00edtimas das&nbsp;enchentes&nbsp;que assolou o estado. Mais de 200 mil est\u00e3o desabrigados em 388 cidades atingidas. No total, 844 mil pessoas foram afetadas pelas fortes chuvas. Al\u00e9m disso, a popula\u00e7\u00e3o atingida enfrenta falta de \u00e1gua, energia [&hellip;]<\/p>\n","protected":false},"author":2,"featured_media":19390,"comment_status":"open","ping_status":"open","sticky":false,"template":"","format":"standard","meta":[],"categories":[12,5],"tags":[],"_links":{"self":[{"href":"https:\/\/dgospel.com.br\/portal\/index.php\/wp-json\/wp\/v2\/posts\/19389"}],"collection":[{"href":"https:\/\/dgospel.com.br\/portal\/index.php\/wp-json\/wp\/v2\/posts"}],"about":[{"href":"https:\/\/dgospel.com.br\/portal\/index.php\/wp-json\/wp\/v2\/types\/post"}],"author":[{"embeddable":true,"href":"https:\/\/dgospel.com.br\/portal\/index.php\/wp-json\/wp\/v2\/users\/2"}],"replies":[{"embeddable":true,"href":"https:\/\/dgospel.com.br\/portal\/index.php\/wp-json\/wp\/v2\/comments?post=19389"}],"version-history":[{"count":1,"href":"https:\/\/dgospel.com.br\/portal\/index.php\/wp-json\/wp\/v2\/posts\/19389\/revisions"}],"predecessor-version":[{"id":19392,"href":"https:\/\/dgospel.com.br\/portal\/index.php\/wp-json\/wp\/v2\/posts\/19389\/revisions\/19392"}],"wp:featuredmedia":[{"embeddable":true,"href":"https:\/\/dgospel.com.br\/portal\/index.php\/wp-json\/wp\/v2\/media\/19390"}],"wp:attachment":[{"href":"https:\/\/dgospel.com.br\/portal\/index.php\/wp-json\/wp\/v2\/media?parent=19389"}],"wp:term":[{"taxonomy":"category","embeddable":true,"href":"https:\/\/dgospel.com.br\/portal\/index.php\/wp-json\/wp\/v2\/categories?post=19389"},{"taxonomy":"post_tag","embeddable":true,"href":"https:\/\/dgospel.com.br\/portal\/index.php\/wp-json\/wp\/v2\/tags?post=19389"}],"curies":[{"name":"wp","href":"https:\/\/api.w.org\/{rel}","templated":true}]}}