{"id":19396,"date":"2024-05-08T12:10:21","date_gmt":"2024-05-08T15:10:21","guid":{"rendered":"https:\/\/dgospel.com.br\/portal\/?p=19396"},"modified":"2024-05-08T12:10:23","modified_gmt":"2024-05-08T15:10:23","slug":"pablo-marcal-exige-retratacao-da-globo-apos-ser-acusado-de-fake","status":"publish","type":"post","link":"https:\/\/dgospel.com.br\/portal\/index.php\/2024\/05\/08\/pablo-marcal-exige-retratacao-da-globo-apos-ser-acusado-de-fake\/","title":{"rendered":"Pablo Mar\u00e7al exige retrata\u00e7\u00e3o da Globo ap\u00f3s ser acusado de fake"},"content":{"rendered":"\n<p>O empres\u00e1rio Pablo Mar\u00e7al se pronunciou nas redes sociais exigindo que a&nbsp;<a href=\"https:\/\/pleno.news\/tag\/tv-globo\" target=\"_blank\" rel=\"noreferrer noopener\">TV Globo<\/a>&nbsp;se retrate ap\u00f3s acus\u00e1-lo de propagar fake news em rela\u00e7\u00e3o ao caso dos caminh\u00f5es barrados ao levarem doa\u00e7\u00f5es para o Rio Grande do Sul. Em um v\u00eddeo publicado nas redes, Mar\u00e7al citou e exibiu o trecho de uma&nbsp;<a href=\"https:\/\/pleno.news\/brasil\/cidades\/reportagem-do-sbt-contradiz-globo-sobre-multas-em-doacoes.html\">reportagem do SBT<\/a>&nbsp;que mostra caminhoneiros sendo multados na chegada ao territ\u00f3rio ga\u00facho.<\/p>\n\n\n\n<p>Visivelmente revoltado com a acusa\u00e7\u00e3o, o empres\u00e1rio disse que vai cobrar, inclusive por meio judicial, que a emissora se retrate da acusa\u00e7\u00e3o que fez e afirmou que a Globo n\u00e3o \u00e9 \u201co Minist\u00e9rio da Verdade\u201d. Mar\u00e7al destacou tamb\u00e9m que o poderio da emissora n\u00e3o \u00e9 mais o mesmo de outros tempos.<\/p>\n\n\n\n<p>\u2013 Voc\u00eas est\u00e3o com vagabundagem, querendo mudar a opini\u00e3o p\u00fablica, e ningu\u00e9m vai cair nessa conversinha. Na d\u00e9cada de 90 voc\u00eas dominavam as televis\u00f5es, porque o povo s\u00f3 olhava para voc\u00eas. N\u00f3s temos o celular agora \u2013 disse.<\/p>\n\n\n\n<blockquote class=\"wp-block-quote\"><p>&nbsp;Ver essa foto no Instagram<\/p><p>&nbsp;<\/p><p><a href=\"https:\/\/www.instagram.com\/reel\/C6tfc8aux0w\/?utm_source=ig_embed&amp;utm_campaign=loading\" target=\"_blank\" rel=\"noreferrer noopener\">Uma publica\u00e7\u00e3o compartilhada por Pleno.News (@plenonews)<\/a><\/p><\/blockquote>\n\n\n\n<p>Mar\u00e7al tamb\u00e9m exibiu um v\u00eddeo de um tiroteio que teria ocorrido na cidade ga\u00facha de Canoas e cobrou que a Globo noticie o ocorrido. O empres\u00e1rio indagou se h\u00e1 algum interesse desconhecido na filtragem de not\u00edcias feita pela emissora na cobertura da trag\u00e9dia clim\u00e1tica no estado sulista. O empres\u00e1rio tamb\u00e9m prometeu dobrar o n\u00famero de carretas enviadas para o estado.<\/p>\n\n\n\n<p>\u2013 Voc\u00eas est\u00e3o escondendo alguma coisa e n\u00f3s vamos descobrir. Quero pedir para o povo se levantar, use o celular e filme, \u00e9 seu direito filmar \u2013 completou.<\/p>\n\n\n\n<p><strong>AJUDE O RIO GRANDE DO SUL<\/strong><br>Com mais de 70% de seu territ\u00f3rio afetado pela calamidade clim\u00e1tica, o estado sulista sofre com severos estragos, e sua ajuda \u00e9 fundamental para que as v\u00edtimas possam recome\u00e7ar suas vidas. Uma das formas de fazer doa\u00e7\u00f5es \u00e9 o financiamento coletivo criado pelo influenciador Badin, o Colono. Acesse enchentes@vakinha.com.br e deixe sua contribui\u00e7\u00e3o!<\/p>\n","protected":false},"excerpt":{"rendered":"<p>O empres\u00e1rio Pablo Mar\u00e7al se pronunciou nas redes sociais exigindo que a&nbsp;TV Globo&nbsp;se retrate ap\u00f3s acus\u00e1-lo de propagar fake news em rela\u00e7\u00e3o ao caso dos caminh\u00f5es barrados ao levarem doa\u00e7\u00f5es para o Rio Grande do Sul. Em um v\u00eddeo publicado nas redes, Mar\u00e7al citou e exibiu o trecho de uma&nbsp;reportagem do SBT&nbsp;que mostra caminhoneiros sendo [&hellip;]<\/p>\n","protected":false},"author":2,"featured_media":19397,"comment_status":"open","ping_status":"open","sticky":false,"template":"","format":"standard","meta":[],"categories":[10],"tags":[],"_links":{"self":[{"href":"https:\/\/dgospel.com.br\/portal\/index.php\/wp-json\/wp\/v2\/posts\/19396"}],"collection":[{"href":"https:\/\/dgospel.com.br\/portal\/index.php\/wp-json\/wp\/v2\/posts"}],"about":[{"href":"https:\/\/dgospel.com.br\/portal\/index.php\/wp-json\/wp\/v2\/types\/post"}],"author":[{"embeddable":true,"href":"https:\/\/dgospel.com.br\/portal\/index.php\/wp-json\/wp\/v2\/users\/2"}],"replies":[{"embeddable":true,"href":"https:\/\/dgospel.com.br\/portal\/index.php\/wp-json\/wp\/v2\/comments?post=19396"}],"version-history":[{"count":1,"href":"https:\/\/dgospel.com.br\/portal\/index.php\/wp-json\/wp\/v2\/posts\/19396\/revisions"}],"predecessor-version":[{"id":19398,"href":"https:\/\/dgospel.com.br\/portal\/index.php\/wp-json\/wp\/v2\/posts\/19396\/revisions\/19398"}],"wp:featuredmedia":[{"embeddable":true,"href":"https:\/\/dgospel.com.br\/portal\/index.php\/wp-json\/wp\/v2\/media\/19397"}],"wp:attachment":[{"href":"https:\/\/dgospel.com.br\/portal\/index.php\/wp-json\/wp\/v2\/media?parent=19396"}],"wp:term":[{"taxonomy":"category","embeddable":true,"href":"https:\/\/dgospel.com.br\/portal\/index.php\/wp-json\/wp\/v2\/categories?post=19396"},{"taxonomy":"post_tag","embeddable":true,"href":"https:\/\/dgospel.com.br\/portal\/index.php\/wp-json\/wp\/v2\/tags?post=19396"}],"curies":[{"name":"wp","href":"https:\/\/api.w.org\/{rel}","templated":true}]}}