{"id":194,"date":"2018-05-16T13:34:53","date_gmt":"2018-05-16T16:34:53","guid":{"rendered":"http:\/\/dgospel.com.br\/portal\/?p=194"},"modified":"2018-05-16T15:46:36","modified_gmt":"2018-05-16T18:46:36","slug":"tre-to-aprova-candidatura-de-mauro-carlesse-para-a-eleicao-suplementar","status":"publish","type":"post","link":"https:\/\/dgospel.com.br\/portal\/index.php\/2018\/05\/16\/tre-to-aprova-candidatura-de-mauro-carlesse-para-a-eleicao-suplementar\/","title":{"rendered":"TRE \u2013TO aprova candidatura de Mauro Carlesse para a elei\u00e7\u00e3o suplementar"},"content":{"rendered":"<p>O pleno do Tribunal Regional Eleitoral (TRE-TO) aprovou por unanimidade a candidatura do governador interino Mauro Carlesse (PHS) para a elei\u00e7\u00e3o suplementar, a ser realizada em junho deste ano. O julgamento foi realizado na manh\u00e3 desta quarta-feira (16). A candidatura de Wanderley Barbosa a vice-governador tamb\u00e9m foi deferida.<\/p>\n<p>O relator do caso, o juiz Adelmar Aires Pimenta, deferiu a candidatura alegando que o candidato n\u00e3o descumpriu o prazo para protocolo do pedido de registro. Esse era o argumento das coliga\u00e7\u00f5es que pediram a impugna\u00e7\u00e3o.<\/p>\n<p>A elei\u00e7\u00e3o suplementar est\u00e1 marcada para o dia 3 de junho. Tamb\u00e9m foi autorizada nesta ter\u00e7a-feira (14) a candidatura de\u00a0<a href=\"https:\/\/g1.globo.com\/to\/tocantins\/noticia\/candidatura-de-marlon-reis-ao-governo-do-tocantins-e-deferida-pelo-tre.ghtml\">M\u00e1rlon Reis (Rede)<\/a>\u00a0e de\u00a0<a href=\"https:\/\/g1.globo.com\/to\/tocantins\/eleicao-suplementar\/2018\/noticia\/registro-da-candidatura-de-vicentinho-alves-e-autorizado-pelo-tre.ghtml\">Vicentinho Alves (PR)<\/a>. J\u00e1 o\u00a0<a href=\"https:\/\/g1.globo.com\/to\/tocantins\/eleicao-suplementar\/2018\/noticia\/carlos-amashta-tem-candidatura-ao-governo-do-estado-negada-pelo-tre.ghtml\">registro de Carlos Amastha (PSB) foi negado pelo tribunal<\/a>\u00a0com base nos prazos de desincompatibiliza\u00e7\u00e3o. O julgamento do registro de M\u00e1rcio L\u00facio Avelar (PSOL) foi suspenso e deve prosseguir nos pr\u00f3ximos dias.<\/p>\n<p><strong>Perfil<\/strong><\/p>\n<p>Carlesse nasceu em Terra Boa (PR) e no Tocantins atuou como empres\u00e1rio e agropecuarista. Ele iniciou na pol\u00edtica ao se filiar no Partido Verde (PV) em 2011. Foi candidato a prefeito em Gurupi nas elei\u00e7\u00f5es de 2012. No ano seguinte, filiou-se ao Partido Trabalhista Brasileiro (PTB) e venceu as elei\u00e7\u00f5es de 2014 para deputado estadual.<\/p>\n<p>Em 2015, Carlesse se envolveu em uma pol\u00eamica ao ser preso no departamento de assessoria militar da Assembleia Legislativa, em Palmas. A pris\u00e3o foi decretada por causa de um processo de execu\u00e7\u00e3o de pagamento de pens\u00e3o aliment\u00edcia contra o parlamentar, que corre na comarca de Barueri (SP).<\/p>\n<p>Na \u00e9poca, o advogado do parlamentar, Sandro Henrique Armando, disse que houve uma diverg\u00eancia nos valores defendidos pelas partes.<\/p>\n<p>Atualmente, Carlesse ocupa o cargo de governador interino do Tocantins. Ele assumiu o Pal\u00e1cio Araguaia ap\u00f3s a cassa\u00e7\u00e3o de Marcelo Miranda (MDB) e Cl\u00e1udia Lelis (PV).<\/p>\n<p>&nbsp;<\/p>\n","protected":false},"excerpt":{"rendered":"<p>O pleno do Tribunal Regional Eleitoral (TRE-TO) aprovou por unanimidade a candidatura do governador interino Mauro Carlesse (PHS) para a elei\u00e7\u00e3o suplementar, a ser realizada em junho deste ano. O julgamento foi realizado na manh\u00e3 desta quarta-feira (16). A candidatura de Wanderley Barbosa a vice-governador tamb\u00e9m foi deferida. O relator do caso, o juiz Adelmar [&hellip;]<\/p>\n","protected":false},"author":2,"featured_media":195,"comment_status":"open","ping_status":"open","sticky":false,"template":"","format":"standard","meta":[],"categories":[2,4],"tags":[],"_links":{"self":[{"href":"https:\/\/dgospel.com.br\/portal\/index.php\/wp-json\/wp\/v2\/posts\/194"}],"collection":[{"href":"https:\/\/dgospel.com.br\/portal\/index.php\/wp-json\/wp\/v2\/posts"}],"about":[{"href":"https:\/\/dgospel.com.br\/portal\/index.php\/wp-json\/wp\/v2\/types\/post"}],"author":[{"embeddable":true,"href":"https:\/\/dgospel.com.br\/portal\/index.php\/wp-json\/wp\/v2\/users\/2"}],"replies":[{"embeddable":true,"href":"https:\/\/dgospel.com.br\/portal\/index.php\/wp-json\/wp\/v2\/comments?post=194"}],"version-history":[{"count":2,"href":"https:\/\/dgospel.com.br\/portal\/index.php\/wp-json\/wp\/v2\/posts\/194\/revisions"}],"predecessor-version":[{"id":197,"href":"https:\/\/dgospel.com.br\/portal\/index.php\/wp-json\/wp\/v2\/posts\/194\/revisions\/197"}],"wp:featuredmedia":[{"embeddable":true,"href":"https:\/\/dgospel.com.br\/portal\/index.php\/wp-json\/wp\/v2\/media\/195"}],"wp:attachment":[{"href":"https:\/\/dgospel.com.br\/portal\/index.php\/wp-json\/wp\/v2\/media?parent=194"}],"wp:term":[{"taxonomy":"category","embeddable":true,"href":"https:\/\/dgospel.com.br\/portal\/index.php\/wp-json\/wp\/v2\/categories?post=194"},{"taxonomy":"post_tag","embeddable":true,"href":"https:\/\/dgospel.com.br\/portal\/index.php\/wp-json\/wp\/v2\/tags?post=194"}],"curies":[{"name":"wp","href":"https:\/\/api.w.org\/{rel}","templated":true}]}}