{"id":19405,"date":"2024-05-08T16:58:59","date_gmt":"2024-05-08T19:58:59","guid":{"rendered":"https:\/\/dgospel.com.br\/portal\/?p=19405"},"modified":"2024-05-08T16:59:01","modified_gmt":"2024-05-08T19:59:01","slug":"aprovada-urgencia-na-tramitacao-de-materias-que-regulamentam-eleicoes-da-mesa-diretora-da-assembleia-legislativa-do-tocantins","status":"publish","type":"post","link":"https:\/\/dgospel.com.br\/portal\/index.php\/2024\/05\/08\/aprovada-urgencia-na-tramitacao-de-materias-que-regulamentam-eleicoes-da-mesa-diretora-da-assembleia-legislativa-do-tocantins\/","title":{"rendered":"Aprovada urg\u00eancia na tramita\u00e7\u00e3o de mat\u00e9rias que regulamentam elei\u00e7\u00f5es da Mesa Diretora da Assembleia Legislativa do Tocantins"},"content":{"rendered":"\n<p>A Assembleia Legislativa do Tocantins (Aleto) aprovou nesta ter\u00e7a-feira, 7, a urg\u00eancia na tramita\u00e7\u00e3o da Proposta de Emenda Constitucional (PEC) N\u00ba 01\/2024. A mat\u00e9ria \u2013 encaminhada \u00e0 Comiss\u00e3o de Constitui\u00e7\u00e3o, Justi\u00e7a e Reda\u00e7\u00e3o (CCJ) \u2013 prop\u00f5e que membros da Mesa Diretora tenham permiss\u00e3o para serem reeleitos uma \u00fanica vez para o mesmo cargo.<\/p>\n\n\n\n<p>A PEC, apresentada pelo deputado Ivory de Lira (PCdoB) com subscri\u00e7\u00e3o de mais 18 parlamentares, est\u00e1 em conformidade com a tese consolidada pelo Supremo Tribunal Federal (STF) sobre elei\u00e7\u00f5es das Mesas Diretoras das Assembleias Legislativas.<\/p>\n\n\n\n<p>Em sucessivas decis\u00f5es, a Corte Suprema do pa\u00eds entendeu que a reelei\u00e7\u00e3o ou recondu\u00e7\u00e3o sucessiva ao mesmo cargo da Mesa Diretora \u00e9 constitucional, desde que seja apenas uma reelei\u00e7\u00e3o ou recondu\u00e7\u00e3o ao mesmo cargo, conforme julgado nas A\u00e7\u00f5es Direta Inconstitucionalidade (ADI) 6.685 (Maranh\u00e3o); ADI 6.704 (Goi\u00e1s); ADI 6.706 (Par\u00e1); ADI 6.707 (Esp\u00edrito Santo); ADI 6.709 (Tocantins); ADI 6.710 (Sergipe) e ADI 6.713 (Para\u00edba).<\/p>\n\n\n\n<p>Ap\u00f3s esse entendimento do STF, j\u00e1 foram reeleitos presidentes das Mesas Diretoras de v\u00e1rias Assembleias Legislativas, entre elas Amazonas, Goi\u00e1s, Roraima, Maranh\u00e3o e Amap\u00e1 e Pernambuco.<\/p>\n\n\n\n<p><strong>Regulamenta\u00e7\u00e3o<\/strong><\/p>\n\n\n\n<p>Na mesma sess\u00e3o, os parlamentares aprovaram tamb\u00e9m a urg\u00eancia na tramita\u00e7\u00e3o do Projeto de Resolu\u00e7\u00e3o (PR) n\u00ba 19\/2024, o qual ajusta as normas da elei\u00e7\u00e3o ao texto constitucional. Al\u00e9m de incluir a permiss\u00e3o para a possibilidade de reelei\u00e7\u00e3o, o PR estabelece que a elei\u00e7\u00e3o da Mesa Diretora para o segundo bi\u00eanio de cada legislatura aconte\u00e7a no ano anterior ao seu in\u00edcio.<\/p>\n\n\n\n<p>A necessidade de regulamentar a elei\u00e7\u00e3o da Mesa Diretora para o segundo bi\u00eanio surge devido \u00e0 suspens\u00e3o, pelo Supremo Tribunal Federal (STF), dos efeitos de dispositivo da Constitui\u00e7\u00e3o do Estado que previa a elei\u00e7\u00e3o, em um \u00fanico procedimento, da Mesa para os dois bi\u00eanios da legislatura. Al\u00e9m disso, o STF tamb\u00e9m suspendeu a elei\u00e7\u00e3o realizada em fevereiro do ano passado referente ao segundo bi\u00eanio da legislatura (2025\/2026).<\/p>\n\n\n\n<p>Portanto, o PR 19\/2024 ajusta as regras da elei\u00e7\u00e3o \u00e0 decis\u00e3o do STF. Caso seja aprovada, a elei\u00e7\u00e3o do bi\u00eanio 2025\/2026 ser\u00e1 realizada em 2024; a do bi\u00eanio 2029\/2030, em 2028; e assim sucessivamente.<\/p>\n\n\n\n<p><strong>Apoio<\/strong><\/p>\n\n\n\n<p>A PEC 01\/24 e o PR 19\/24 foram subscritos pelos parlamentares Am\u00e9lio Cayres (Republicanos), Cl\u00e1udia Lelis (PV), Cleiton Cardoso (Republicanos), Eduardo do Dertins (Cidadania), Fabion Gomes (PL), Gutierres Torquato (PDT), Ivory de Lira, Jorge Frederico (Republicanos), L\u00e9o Barbosa (Republicanos), Luciano Oliveira (PSD), Marcus Marcelo (PL), Moisemar Marinho (PSB), Nilton Franco (Republicanos), Olyntho Neto (Republicanos), professora Janad Valcari (PL), Valdemar J\u00fanior (Republicanos), Vanda Monteiro (UB) e Vilmar Oliveira (Solidariedade).<\/p>\n","protected":false},"excerpt":{"rendered":"<p>A Assembleia Legislativa do Tocantins (Aleto) aprovou nesta ter\u00e7a-feira, 7, a urg\u00eancia na tramita\u00e7\u00e3o da Proposta de Emenda Constitucional (PEC) N\u00ba 01\/2024. A mat\u00e9ria \u2013 encaminhada \u00e0 Comiss\u00e3o de Constitui\u00e7\u00e3o, Justi\u00e7a e Reda\u00e7\u00e3o (CCJ) \u2013 prop\u00f5e que membros da Mesa Diretora tenham permiss\u00e3o para serem reeleitos uma \u00fanica vez para o mesmo cargo. A PEC, [&hellip;]<\/p>\n","protected":false},"author":2,"featured_media":19406,"comment_status":"open","ping_status":"open","sticky":false,"template":"","format":"standard","meta":[],"categories":[8],"tags":[],"_links":{"self":[{"href":"https:\/\/dgospel.com.br\/portal\/index.php\/wp-json\/wp\/v2\/posts\/19405"}],"collection":[{"href":"https:\/\/dgospel.com.br\/portal\/index.php\/wp-json\/wp\/v2\/posts"}],"about":[{"href":"https:\/\/dgospel.com.br\/portal\/index.php\/wp-json\/wp\/v2\/types\/post"}],"author":[{"embeddable":true,"href":"https:\/\/dgospel.com.br\/portal\/index.php\/wp-json\/wp\/v2\/users\/2"}],"replies":[{"embeddable":true,"href":"https:\/\/dgospel.com.br\/portal\/index.php\/wp-json\/wp\/v2\/comments?post=19405"}],"version-history":[{"count":1,"href":"https:\/\/dgospel.com.br\/portal\/index.php\/wp-json\/wp\/v2\/posts\/19405\/revisions"}],"predecessor-version":[{"id":19407,"href":"https:\/\/dgospel.com.br\/portal\/index.php\/wp-json\/wp\/v2\/posts\/19405\/revisions\/19407"}],"wp:featuredmedia":[{"embeddable":true,"href":"https:\/\/dgospel.com.br\/portal\/index.php\/wp-json\/wp\/v2\/media\/19406"}],"wp:attachment":[{"href":"https:\/\/dgospel.com.br\/portal\/index.php\/wp-json\/wp\/v2\/media?parent=19405"}],"wp:term":[{"taxonomy":"category","embeddable":true,"href":"https:\/\/dgospel.com.br\/portal\/index.php\/wp-json\/wp\/v2\/categories?post=19405"},{"taxonomy":"post_tag","embeddable":true,"href":"https:\/\/dgospel.com.br\/portal\/index.php\/wp-json\/wp\/v2\/tags?post=19405"}],"curies":[{"name":"wp","href":"https:\/\/api.w.org\/{rel}","templated":true}]}}