{"id":19419,"date":"2024-05-09T15:27:47","date_gmt":"2024-05-09T18:27:47","guid":{"rendered":"https:\/\/dgospel.com.br\/portal\/?p=19419"},"modified":"2024-05-09T15:27:48","modified_gmt":"2024-05-09T18:27:48","slug":"leo-barbosa-solicita-a-iluminacao-da-ponte-da-amizade-e-a-recuperacao-asfaltica-de-trechos-das-rodovias-to-342-e-to-164","status":"publish","type":"post","link":"https:\/\/dgospel.com.br\/portal\/index.php\/2024\/05\/09\/leo-barbosa-solicita-a-iluminacao-da-ponte-da-amizade-e-a-recuperacao-asfaltica-de-trechos-das-rodovias-to-342-e-to-164\/","title":{"rendered":"L\u00e9o Barbosa solicita a ilumina\u00e7\u00e3o da Ponte da Amizade\u00a0e a recupera\u00e7\u00e3o asf\u00e1ltica de trechos das rodovias TO-342 e TO-164"},"content":{"rendered":"\n<p>Durante a sess\u00e3o ordin\u00e1ria desta quarta-feira, 08, o deputado estadual L\u00e9o Barbosa solicitou a ilumina\u00e7\u00e3o da Ponte da Amizade e Integra\u00e7\u00e3o, que liga Palmas ao distrito de Luzimangues, a recupera\u00e7\u00e3o asf\u00e1ltica da rodovia TO-342, no trecho que liga os munic\u00edpios de Miranorte a Dois Irm\u00e3os-TO, e da rodovia TO-164, no trecho que liga o munic\u00edpio de Abreul\u00e2ndia a Dois Irm\u00e3os-TO.<\/p>\n\n\n\n<p>Na apresenta\u00e7\u00e3o das mat\u00e9rias, o parlamentar destacou que tais trechos das rodovias est\u00e3o necessitando de reparos para garantir uma melhor trafegabilidade pela regi\u00e3o. \u201cS\u00e3o requerimentos importantes, eu passei no \u00faltimo fim de semana pela regi\u00e3o do Vale do Araguaia e identifiquei falhas nas rodovias nesses trechos. Acredito que estamos entrando no per\u00edodo em que as chuvas est\u00e3o parando e \u00e9 necess\u00e1rio fazer a recupera\u00e7\u00e3o asf\u00e1ltica\u201d, disse L\u00e9o.<\/p>\n\n\n\n<p>Ainda durante a sess\u00e3o, Barbosa requereu ao Governo do Tocantins, por interm\u00e9dio da Ag\u00eancia Tocantinense de Transporte e Obras &#8211; AGETO, a ilumina\u00e7\u00e3o da Ponte da Amizade e Integra\u00e7\u00e3o, na TO-080, que liga Palmas a Luzimangues, distrito de Porto Nacional.<\/p>\n\n\n\n<p>\u201cN\u00f3s precisamos fazer alguns reparos naquela ponte, que \u00e9 um cart\u00e3o postal e de entrada da nossa capital. Sabemos que \u00e9 um desafio, porque muitas vezes roubam os fios de cobre, quebram as l\u00e2mpadas, mas \u00e9 nossa obriga\u00e7\u00e3o estar sempre em busca de melhorias para este local t\u00e3o importante para Palmas\u201d, completou L\u00e9o.<\/p>\n","protected":false},"excerpt":{"rendered":"<p>Durante a sess\u00e3o ordin\u00e1ria desta quarta-feira, 08, o deputado estadual L\u00e9o Barbosa solicitou a ilumina\u00e7\u00e3o da Ponte da Amizade e Integra\u00e7\u00e3o, que liga Palmas ao distrito de Luzimangues, a recupera\u00e7\u00e3o asf\u00e1ltica da rodovia TO-342, no trecho que liga os munic\u00edpios de Miranorte a Dois Irm\u00e3os-TO, e da rodovia TO-164, no trecho que liga o munic\u00edpio [&hellip;]<\/p>\n","protected":false},"author":2,"featured_media":19420,"comment_status":"open","ping_status":"open","sticky":false,"template":"","format":"standard","meta":[],"categories":[8],"tags":[],"_links":{"self":[{"href":"https:\/\/dgospel.com.br\/portal\/index.php\/wp-json\/wp\/v2\/posts\/19419"}],"collection":[{"href":"https:\/\/dgospel.com.br\/portal\/index.php\/wp-json\/wp\/v2\/posts"}],"about":[{"href":"https:\/\/dgospel.com.br\/portal\/index.php\/wp-json\/wp\/v2\/types\/post"}],"author":[{"embeddable":true,"href":"https:\/\/dgospel.com.br\/portal\/index.php\/wp-json\/wp\/v2\/users\/2"}],"replies":[{"embeddable":true,"href":"https:\/\/dgospel.com.br\/portal\/index.php\/wp-json\/wp\/v2\/comments?post=19419"}],"version-history":[{"count":1,"href":"https:\/\/dgospel.com.br\/portal\/index.php\/wp-json\/wp\/v2\/posts\/19419\/revisions"}],"predecessor-version":[{"id":19421,"href":"https:\/\/dgospel.com.br\/portal\/index.php\/wp-json\/wp\/v2\/posts\/19419\/revisions\/19421"}],"wp:featuredmedia":[{"embeddable":true,"href":"https:\/\/dgospel.com.br\/portal\/index.php\/wp-json\/wp\/v2\/media\/19420"}],"wp:attachment":[{"href":"https:\/\/dgospel.com.br\/portal\/index.php\/wp-json\/wp\/v2\/media?parent=19419"}],"wp:term":[{"taxonomy":"category","embeddable":true,"href":"https:\/\/dgospel.com.br\/portal\/index.php\/wp-json\/wp\/v2\/categories?post=19419"},{"taxonomy":"post_tag","embeddable":true,"href":"https:\/\/dgospel.com.br\/portal\/index.php\/wp-json\/wp\/v2\/tags?post=19419"}],"curies":[{"name":"wp","href":"https:\/\/api.w.org\/{rel}","templated":true}]}}