{"id":1942,"date":"2018-11-26T20:28:27","date_gmt":"2018-11-26T22:28:27","guid":{"rendered":"http:\/\/dgospel.com.br\/portal\/?p=1942"},"modified":"2018-11-26T20:28:27","modified_gmt":"2018-11-26T22:28:27","slug":"comadec-lanca-projeto-faca-uma-crianca-feliz-com-objetivo-de-arrecadar-brinquedos-e-cestas-basicas","status":"publish","type":"post","link":"https:\/\/dgospel.com.br\/portal\/index.php\/2018\/11\/26\/comadec-lanca-projeto-faca-uma-crianca-feliz-com-objetivo-de-arrecadar-brinquedos-e-cestas-basicas\/","title":{"rendered":"COMADEC lan\u00e7a projeto \u201cFa\u00e7a Uma Crian\u00e7a Feliz\u201d com objetivo de arrecadar brinquedos e cestas b\u00e1sicas"},"content":{"rendered":"<p>O COMADEC &#8211; Congresso de Miss\u00f5es das Assembleias de Deus na Capita, lan\u00e7ou o Projeto \u201cFa\u00e7a Uma Crian\u00e7a Feliz\u201d, que tem como objetivo arrecada\u00e7\u00e3o de brinquedos novos, e cestas b\u00e1sicas que, ser\u00e3o distribu\u00eddos para crian\u00e7as carentes durante um dia de a\u00e7\u00e3o social previsto para o dia 22 de dezembro na regi\u00e3o sul de Palmas.<\/p>\n<p>O COMADEC, \u00e9 realizado pela Igreja Assembleia de Deus Ciadseta, em Taquaralto, presidida pelo pastor Jos\u00e9 Teles Carneiro Filho, e acontece h\u00e1 26 anos durante o feriado de Carnaval. Atualmente o Congresso \u00e9 presidido pelo pastor Josyvan Gomes, que recentemente lan\u00e7ou o Comadec Social, visando atuar tamb\u00e9m na \u00e1rea social.<\/p>\n<p>\u201cEntendemos que este grande Congresso que \u00e9 realizado h\u00e1 26, resgatando almas para o Reino de Deus, tamb\u00e9m pode atuar na \u00e1rea social, por isso criamos o Comadec social, e estamos lan\u00e7ando o Projeto \u201cFa\u00e7a uma Crian\u00e7a Feliz\u201d, disse o presidente do COMADEC, pastor Josyvan Gomes.<\/p>\n<p>De acordo com o pastor Josyvan Gomes, o Projeto \u201cFa\u00e7a uma Crian\u00e7a Feliz\u201d, visa \u00e0 melhoria na qualidade de vida na inf\u00e2ncia, proporcionando momentos de integra\u00e7\u00e3o, socializa\u00e7\u00e3o e divers\u00e3o em um ambiente totalmente seguro e harmonioso.<\/p>\n<p>O pastor Josyvan informou que, o projeto \u00e9 voltado especificamente para crian\u00e7as de 4 a 11 anos, para que elas tenham um dia de lazer, brincadeiras e a\u00e7\u00e3o social, como, atendimentos odontol\u00f3gicos, cortes de cabelos e outros.<\/p>\n<p>\u201cAjudar \u00e0queles que necessitam, \u00e0s vezes com iniciativas simples, pode mudar totalmente a vida de uma crian\u00e7a. Com um sorriso, um abra\u00e7o, ou seja, com um brinquedo, cremos que podemos fazer muito mais.\u00a0Desta forma gostar\u00edamos de desafi\u00e1-lo a\u00a0impactar a vida de crian\u00e7as e talvez voc\u00ea perceba que neste processo a pessoa mais impactada seja voc\u00ea\u201d, disse o presidente do COMADEC.<\/p>\n<p>Para doar o seu brinquedo, ou cesta b\u00e1sica, ligue para os organizadores nos telefones (63) 98431-7018 ou 98467-4510.<\/p>\n<h1><\/h1>\n","protected":false},"excerpt":{"rendered":"<p>O COMADEC &#8211; Congresso de Miss\u00f5es das Assembleias de Deus na Capita, lan\u00e7ou o Projeto \u201cFa\u00e7a Uma Crian\u00e7a Feliz\u201d, que tem como objetivo arrecada\u00e7\u00e3o de brinquedos novos, e cestas b\u00e1sicas que, ser\u00e3o distribu\u00eddos para crian\u00e7as carentes durante um dia de a\u00e7\u00e3o social previsto para o dia 22 de dezembro na regi\u00e3o sul de Palmas. O [&hellip;]<\/p>\n","protected":false},"author":2,"featured_media":1943,"comment_status":"open","ping_status":"open","sticky":false,"template":"","format":"standard","meta":[],"categories":[2,5],"tags":[],"_links":{"self":[{"href":"https:\/\/dgospel.com.br\/portal\/index.php\/wp-json\/wp\/v2\/posts\/1942"}],"collection":[{"href":"https:\/\/dgospel.com.br\/portal\/index.php\/wp-json\/wp\/v2\/posts"}],"about":[{"href":"https:\/\/dgospel.com.br\/portal\/index.php\/wp-json\/wp\/v2\/types\/post"}],"author":[{"embeddable":true,"href":"https:\/\/dgospel.com.br\/portal\/index.php\/wp-json\/wp\/v2\/users\/2"}],"replies":[{"embeddable":true,"href":"https:\/\/dgospel.com.br\/portal\/index.php\/wp-json\/wp\/v2\/comments?post=1942"}],"version-history":[{"count":1,"href":"https:\/\/dgospel.com.br\/portal\/index.php\/wp-json\/wp\/v2\/posts\/1942\/revisions"}],"predecessor-version":[{"id":1944,"href":"https:\/\/dgospel.com.br\/portal\/index.php\/wp-json\/wp\/v2\/posts\/1942\/revisions\/1944"}],"wp:featuredmedia":[{"embeddable":true,"href":"https:\/\/dgospel.com.br\/portal\/index.php\/wp-json\/wp\/v2\/media\/1943"}],"wp:attachment":[{"href":"https:\/\/dgospel.com.br\/portal\/index.php\/wp-json\/wp\/v2\/media?parent=1942"}],"wp:term":[{"taxonomy":"category","embeddable":true,"href":"https:\/\/dgospel.com.br\/portal\/index.php\/wp-json\/wp\/v2\/categories?post=1942"},{"taxonomy":"post_tag","embeddable":true,"href":"https:\/\/dgospel.com.br\/portal\/index.php\/wp-json\/wp\/v2\/tags?post=1942"}],"curies":[{"name":"wp","href":"https:\/\/api.w.org\/{rel}","templated":true}]}}