{"id":19425,"date":"2024-05-09T15:40:34","date_gmt":"2024-05-09T18:40:34","guid":{"rendered":"https:\/\/dgospel.com.br\/portal\/?p=19425"},"modified":"2024-05-09T15:40:36","modified_gmt":"2024-05-09T18:40:36","slug":"rs-medico-diz-que-anvisa-tem-barrado-remedios-orgao-nega","status":"publish","type":"post","link":"https:\/\/dgospel.com.br\/portal\/index.php\/2024\/05\/09\/rs-medico-diz-que-anvisa-tem-barrado-remedios-orgao-nega\/","title":{"rendered":"RS: M\u00e9dico diz que Anvisa tem barrado rem\u00e9dios; \u00f3rg\u00e3o nega"},"content":{"rendered":"\n<p>Um m\u00e9dico que atua na ajuda aos afetados pelas chuvas no&nbsp;<a href=\"http:\/\/pleno.news\/tag\/rio-grande-do-sul\" target=\"_blank\" rel=\"noreferrer noopener\">Rio Grande do Sul<\/a>&nbsp;compartilhou um v\u00eddeo nas redes sociais, nesta quarta-feira (8), no qual disse que a Ag\u00eancia Nacional de Vigil\u00e2ncia Sanit\u00e1ria (<a href=\"http:\/\/pleno.news\/tag\/anvisa\" target=\"_blank\" rel=\"noreferrer noopener\">Anvisa<\/a>) estaria dificultando a entrada de medicamentos no estado por causa de tr\u00e2mites burocr\u00e1ticos. O \u00f3rg\u00e3o, por\u00e9m, negou ter efetuado qualquer restri\u00e7\u00e3o ao transporte de rem\u00e9dios.<\/p>\n\n\n\n<p>No v\u00eddeo em quest\u00e3o, o m\u00e9dico Victor Sorrentino afirma que medicamentos n\u00e3o estariam conseguindo chegar em raz\u00e3o de uma \u201cimensur\u00e1vel burocracia\u201d por parte da Anvisa. De acordo com ele, muitos avi\u00f5es com medica\u00e7\u00f5es estariam parados em aeroportos.<\/p>\n\n\n\n<p>\u2013 Anvisa, voc\u00ea precisa flexibilizar urgentemente as normas, para que as medica\u00e7\u00f5es consigam ser transportadas para o Rio Grande do Sul, sem essa imensa, imensur\u00e1vel burocracia. Os avi\u00f5es particulares n\u00e3o est\u00e3o conseguindo trazer, s\u00e3o medica\u00e7\u00f5es e mais medica\u00e7\u00f5es paradas nos aeroportos, com o que n\u00f3s estamos comprando \u2013 diz.<\/p>\n\n\n\n<blockquote class=\"wp-block-quote\"><p>&nbsp;Ver essa foto no Instagram<\/p><p>&nbsp;<\/p><p><a href=\"https:\/\/www.instagram.com\/reel\/C6wC3gwOTJd\/?utm_source=ig_embed&amp;utm_campaign=loading\" target=\"_blank\" rel=\"noreferrer noopener\">Uma publica\u00e7\u00e3o compartilhada por Pleno.News (@plenonews)<\/a><\/p><\/blockquote>\n\n\n\n<p>O m\u00e9dico disse ainda compreender a necessidade da burocracia para transporte de medicamentos, mas disse que esse n\u00e3o seria o momento de ser r\u00edgido com o envio de rem\u00e9dios que podem ser essenciais para salvar vidas de pessoas afetadas pelas enchentes no Rio Grande do Sul.<\/p>\n\n\n\n<p>\u2013 Concordamos [com a burocracia], mas n\u00e3o no estado em que estamos, porque sen\u00e3o nenhum avi\u00e3o particular, nenhuma aeronave particular, vai conseguir transportar esses medicamentos, porque elas n\u00e3o t\u00eam a licen\u00e7a, elas nunca transportaram quantidades de medicamentos que n\u00f3s estamos comprando \u2013 afirma.<\/p>\n\n\n\n<p>Ap\u00f3s a publica\u00e7\u00e3o de Victor, a Anvisa divulgou uma nota na qual negou a informa\u00e7\u00e3o de que estaria proibindo a entrada de medicamentos doados para atender as v\u00edtimas da calamidade provocada pelas enchentes no Rio Grande do Sul. No comunicado, a ag\u00eancia disse n\u00e3o ter efetuado qualquer restri\u00e7\u00e3o ao transporte de rem\u00e9dios destinados ao estado.<\/p>\n\n\n\n<p>\u2013 A Anvisa refor\u00e7a ainda que est\u00e1 cumprindo com o seu compromisso de trabalhar em prol da seguran\u00e7a sanit\u00e1ria e acompanha a situa\u00e7\u00e3o emergencial de perto, em contato direto com as autoridades federais, estaduais e municipais. Dessa forma, atua para atender qualquer excepcionalidade necess\u00e1ria para amenizar os danos causados pela enchente \u2013 disse o \u00f3rg\u00e3o.<\/p>\n\n\n\n<p>Tamb\u00e9m nesta quarta, a Anvisa divulgou que adotou algumas medidas excepcionais para o enfrentamento da calamidade, mas n\u00e3o exatamente em rela\u00e7\u00e3o a normas sobre transporte de medicamentos. Uma das regras aprovadas foi a permiss\u00e3o de que medicamentos sujeitos \u00e0 Notifica\u00e7\u00e3o de Receita sejam adquiridos de forma mais simplificada, com Receita de Controle Especial.<\/p>\n\n\n\n<p><strong>AJUDE O RIO GRANDE DO SUL<\/strong><br>Com 70% de seu territ\u00f3rio afetado pela calamidade clim\u00e1tica, o estado sulista sofre com severos estragos, e sua ajuda \u00e9 fundamental para que as v\u00edtimas possam recome\u00e7ar suas vidas. Uma das formas de fazer doa\u00e7\u00f5es \u00e9 o financiamento coletivo criado pelo influenciador Badin, o Colono. Acesse enchentes@vakinha.com.br e deixe sua contribui\u00e7\u00e3o!<\/p>\n","protected":false},"excerpt":{"rendered":"<p>Um m\u00e9dico que atua na ajuda aos afetados pelas chuvas no&nbsp;Rio Grande do Sul&nbsp;compartilhou um v\u00eddeo nas redes sociais, nesta quarta-feira (8), no qual disse que a Ag\u00eancia Nacional de Vigil\u00e2ncia Sanit\u00e1ria (Anvisa) estaria dificultando a entrada de medicamentos no estado por causa de tr\u00e2mites burocr\u00e1ticos. O \u00f3rg\u00e3o, por\u00e9m, negou ter efetuado qualquer restri\u00e7\u00e3o ao [&hellip;]<\/p>\n","protected":false},"author":2,"featured_media":19426,"comment_status":"open","ping_status":"open","sticky":false,"template":"","format":"standard","meta":[],"categories":[10],"tags":[],"_links":{"self":[{"href":"https:\/\/dgospel.com.br\/portal\/index.php\/wp-json\/wp\/v2\/posts\/19425"}],"collection":[{"href":"https:\/\/dgospel.com.br\/portal\/index.php\/wp-json\/wp\/v2\/posts"}],"about":[{"href":"https:\/\/dgospel.com.br\/portal\/index.php\/wp-json\/wp\/v2\/types\/post"}],"author":[{"embeddable":true,"href":"https:\/\/dgospel.com.br\/portal\/index.php\/wp-json\/wp\/v2\/users\/2"}],"replies":[{"embeddable":true,"href":"https:\/\/dgospel.com.br\/portal\/index.php\/wp-json\/wp\/v2\/comments?post=19425"}],"version-history":[{"count":1,"href":"https:\/\/dgospel.com.br\/portal\/index.php\/wp-json\/wp\/v2\/posts\/19425\/revisions"}],"predecessor-version":[{"id":19427,"href":"https:\/\/dgospel.com.br\/portal\/index.php\/wp-json\/wp\/v2\/posts\/19425\/revisions\/19427"}],"wp:featuredmedia":[{"embeddable":true,"href":"https:\/\/dgospel.com.br\/portal\/index.php\/wp-json\/wp\/v2\/media\/19426"}],"wp:attachment":[{"href":"https:\/\/dgospel.com.br\/portal\/index.php\/wp-json\/wp\/v2\/media?parent=19425"}],"wp:term":[{"taxonomy":"category","embeddable":true,"href":"https:\/\/dgospel.com.br\/portal\/index.php\/wp-json\/wp\/v2\/categories?post=19425"},{"taxonomy":"post_tag","embeddable":true,"href":"https:\/\/dgospel.com.br\/portal\/index.php\/wp-json\/wp\/v2\/tags?post=19425"}],"curies":[{"name":"wp","href":"https:\/\/api.w.org\/{rel}","templated":true}]}}