{"id":19432,"date":"2024-05-09T15:51:02","date_gmt":"2024-05-09T18:51:02","guid":{"rendered":"https:\/\/dgospel.com.br\/portal\/?p=19432"},"modified":"2024-05-09T15:51:04","modified_gmt":"2024-05-09T18:51:04","slug":"uruguai-confirma-recusa-do-governo-a-oferta-de-ajuda-ao-rs","status":"publish","type":"post","link":"https:\/\/dgospel.com.br\/portal\/index.php\/2024\/05\/09\/uruguai-confirma-recusa-do-governo-a-oferta-de-ajuda-ao-rs\/","title":{"rendered":"Uruguai confirma recusa do governo \u00e0 oferta de ajuda ao RS"},"content":{"rendered":"\n<p>O governo do Uruguai reiterou, nesta quarta-feira (8), uma segunda oferta de ajuda ao Rio Grande do Sul, por meio de um avi\u00e3o C-130, duas lanchas e dois sistemas de drones com tripulantes e analistas, para serem empregados nas opera\u00e7\u00f5es de busca e salvamento. Um helic\u00f3ptero Bell 212, da For\u00e7a A\u00e9rea Uruguaia (FAU), com oito pessoas, entre pilotos, copilotos, t\u00e9cnicos e socorristas, est\u00e1 baseado em Santa Maria (RS), desde o \u00faltimo domingo (5).<\/p>\n\n\n\n<p>De acordo com o embaixador Guillermo Valles, \u201cdesde o primeiro momento, n\u00e3o apenas o governo, mas todo o povo uruguaio se mobilizou para ajudar os nossos irm\u00e3os ga\u00fachos\u201d. Valles se reuniu com os deputados Lucas Redecker (PSDB-RS), presidente da Comiss\u00e3o de Rela\u00e7\u00f5es Exteriores e Defesa Nacional da C\u00e2mara dos Deputados (CREDN), Marcel van Hattem (Novo-RS), e afirmou que \u201cos equipamentos est\u00e3o prontos e ser\u00e3o enviados caso o governo brasileiro assim o deseje\u201d.<\/p>\n\n\n\n<p>Nesta quarta-feira, Lucas Redecker conversou com os ministros da Defesa, Jos\u00e9 Mucio Monteiro, e das Rela\u00e7\u00f5es Exteriores, Mauro Vieira. Aos dois, o deputado lembrou que o governo ga\u00facho havia solicitado formalmente a ajuda do Uruguai e pediu que a decis\u00e3o fosse reconsiderada.<\/p>\n\n\n\n<p>\u2013 O Uruguai ofereceu uma ajuda inestim\u00e1vel e absolutamente necess\u00e1ria. N\u00e3o estamos em condi\u00e7\u00f5es de rejeitar apoio algum. Ainda estamos na fase de salvamento, muitas pessoas precisam ser resgatadas e os drones e lanchas, s\u00e3o essenciais. Al\u00e9m disso, o H\u00e9rcules ofertado permitir\u00e1 n\u00e3o apenas resgates, mas tamb\u00e9m o transporte de toda a ajuda que tem chegado aos ga\u00fachos \u2013 explicou.<\/p>\n\n\n\n<p><\/p>\n\n\n\n<figure class=\"wp-block-image size-full\"><img loading=\"lazy\" width=\"571\" height=\"554\" src=\"https:\/\/dgospel.com.br\/portal\/wp-content\/uploads\/2024\/05\/0000-1.jpg\" alt=\"\" class=\"wp-image-19433\" srcset=\"https:\/\/dgospel.com.br\/portal\/wp-content\/uploads\/2024\/05\/0000-1.jpg 571w, https:\/\/dgospel.com.br\/portal\/wp-content\/uploads\/2024\/05\/0000-1-300x291.jpg 300w\" sizes=\"(max-width: 571px) 100vw, 571px\" \/><\/figure>\n\n\n\n<p><strong>ARGENTINA<\/strong><br>Lucas Redecker tamb\u00e9m est\u00e1 preocupado com o sil\u00eancio brasileiro em rela\u00e7\u00e3o \u00e0 ajuda oferecida pelo governo argentino. Na segunda-feira (6), aquele pa\u00eds ofereceu o envio de uma brigada composta por 20 efetivos e c\u00e3es, da Pol\u00edcia Federal, especialistas em log\u00edstica, um avi\u00e3o de transporte de pessoas e carga, tr\u00eas helic\u00f3pteros para evacua\u00e7\u00f5es, equipe m\u00f3vel e pessoal sanit\u00e1rio, mergulhadores, unidades de engenheiros com embarca\u00e7\u00f5es, duas esta\u00e7\u00f5es de tratamento de \u00e1gua, e caixas de pastilhas de purifica\u00e7\u00e3o de \u00e1gua.<\/p>\n\n\n\n<p>At\u00e9 o momento, o governo federal n\u00e3o respondeu se aceita ou n\u00e3o a oferta.<\/p>\n\n\n\n<p>*Ag\u00eancia C\u00e2mara<\/p>\n\n\n\n<p><strong>AJUDE O RIO GRANDE DO SUL<\/strong><br>Com 70% de seu territ\u00f3rio afetado pela calamidade clim\u00e1tica, o estado sulista sofre com severos estragos, e sua ajuda \u00e9 fundamental para que as v\u00edtimas possam recome\u00e7ar suas vidas. Uma das formas de fazer doa\u00e7\u00f5es \u00e9 o financiamento coletivo criado pelo influenciador Badin, o Colono. Acesse&nbsp;<a href=\"https:\/\/www.vaquinhaonline.com.br\/sos-enchentes-como-ajudar-a-maior-campanha-solidaria-do-rio-grande-do-sul\/\" target=\"_blank\" rel=\"noreferrer noopener\">enchentes@vakinha.com.br<\/a>&nbsp;e deixe sua contribui\u00e7\u00e3o!<\/p>\n","protected":false},"excerpt":{"rendered":"<p>O governo do Uruguai reiterou, nesta quarta-feira (8), uma segunda oferta de ajuda ao Rio Grande do Sul, por meio de um avi\u00e3o C-130, duas lanchas e dois sistemas de drones com tripulantes e analistas, para serem empregados nas opera\u00e7\u00f5es de busca e salvamento. Um helic\u00f3ptero Bell 212, da For\u00e7a A\u00e9rea Uruguaia (FAU), com oito [&hellip;]<\/p>\n","protected":false},"author":2,"featured_media":19434,"comment_status":"open","ping_status":"open","sticky":false,"template":"","format":"standard","meta":[],"categories":[10],"tags":[],"_links":{"self":[{"href":"https:\/\/dgospel.com.br\/portal\/index.php\/wp-json\/wp\/v2\/posts\/19432"}],"collection":[{"href":"https:\/\/dgospel.com.br\/portal\/index.php\/wp-json\/wp\/v2\/posts"}],"about":[{"href":"https:\/\/dgospel.com.br\/portal\/index.php\/wp-json\/wp\/v2\/types\/post"}],"author":[{"embeddable":true,"href":"https:\/\/dgospel.com.br\/portal\/index.php\/wp-json\/wp\/v2\/users\/2"}],"replies":[{"embeddable":true,"href":"https:\/\/dgospel.com.br\/portal\/index.php\/wp-json\/wp\/v2\/comments?post=19432"}],"version-history":[{"count":1,"href":"https:\/\/dgospel.com.br\/portal\/index.php\/wp-json\/wp\/v2\/posts\/19432\/revisions"}],"predecessor-version":[{"id":19435,"href":"https:\/\/dgospel.com.br\/portal\/index.php\/wp-json\/wp\/v2\/posts\/19432\/revisions\/19435"}],"wp:featuredmedia":[{"embeddable":true,"href":"https:\/\/dgospel.com.br\/portal\/index.php\/wp-json\/wp\/v2\/media\/19434"}],"wp:attachment":[{"href":"https:\/\/dgospel.com.br\/portal\/index.php\/wp-json\/wp\/v2\/media?parent=19432"}],"wp:term":[{"taxonomy":"category","embeddable":true,"href":"https:\/\/dgospel.com.br\/portal\/index.php\/wp-json\/wp\/v2\/categories?post=19432"},{"taxonomy":"post_tag","embeddable":true,"href":"https:\/\/dgospel.com.br\/portal\/index.php\/wp-json\/wp\/v2\/tags?post=19432"}],"curies":[{"name":"wp","href":"https:\/\/api.w.org\/{rel}","templated":true}]}}