{"id":19442,"date":"2024-05-09T20:36:09","date_gmt":"2024-05-09T23:36:09","guid":{"rendered":"https:\/\/dgospel.com.br\/portal\/?p=19442"},"modified":"2024-05-09T20:36:10","modified_gmt":"2024-05-09T23:36:10","slug":"wanderlei-barbosa-assina-contratos-com-empresas-selecionadas-para-exposicao-de-produtos-e-servicos-na-agrotins-2024","status":"publish","type":"post","link":"https:\/\/dgospel.com.br\/portal\/index.php\/2024\/05\/09\/wanderlei-barbosa-assina-contratos-com-empresas-selecionadas-para-exposicao-de-produtos-e-servicos-na-agrotins-2024\/","title":{"rendered":"Wanderlei Barbosa assina contratos com empresas selecionadas para exposi\u00e7\u00e3o de produtos e servi\u00e7os na Agrotins 2024"},"content":{"rendered":"\n<p>O governador do Tocantins, Wanderlei Barbosa, assinou nesta quinta-feira, 9, os contratos com as empresas selecionadas para participar como expositoras no&nbsp;<em>Pavilh\u00e3o do Desenvolvimento,<\/em>&nbsp;da Feira de Tecnologia Agropecu\u00e1ria do Tocantins (Agrotins 2024). Trinta e sete empres\u00e1rios participaram da cerim\u00f4nia, que ocorreu na sala de reuni\u00f5es do Pal\u00e1cio Araguaia Governador Jos\u00e9 Wilson Siqueira Campos. Com o tema&nbsp;<em>Bioeconomia<\/em>, oportunizando novas perspectivas para a produ\u00e7\u00e3o agrotecnol\u00f3gica sustent\u00e1vel no campo, a feira ocorrer\u00e1 entre os dias 14 e 18 de maio, no Parque Agrotecnol\u00f3gico Engenheiro Agr\u00f4nomo Mauro Medanha, em Palmas.<\/p>\n\n\n\n<p>A sele\u00e7\u00e3o das empresas ocorreu por meio de chamamento p\u00fablico, realizado pelo Governo do Tocantins em mar\u00e7o deste ano. &#8220;A nossa feira tem o objetivo de movimentar a economia de todas as vertentes, do pequeno, m\u00e9dio ao grande expositor. A vinda de voc\u00eas para este momento tem um simbolismo muito grande, porque ela representa&nbsp;todos aqueles que v\u00e3o expor na nossa feira&#8221;, destacou o governador Wanderlei Barbosa, ao lembrar que s\u00e3o esperados, para este ano, mais de R$ 3 bilh\u00f5es em neg\u00f3cios.&nbsp;<\/p>\n\n\n\n<p>Al\u00e9m da amplia\u00e7\u00e3o da \u00e1rea da feira, com mais de 500 mil m\u00b2 de espa\u00e7o, sendo mais de 200 mil m\u00b2 apenas para exposi\u00e7\u00e3o, a Agrotins 2024 vai contar com a expans\u00e3o e o melhoramento do espa\u00e7o destinado \u00e0s vitrines tecnol\u00f3gicas, que foi reformulado especialmente para atender os estandes do segmento de plantio e o p\u00fablico-alvo, que a cada ano aumenta. \u201cN\u00f3s entendemos que cabe ao governo assegurar meios para a economia, mas \u00e9 importante ter o envolvimento dos empres\u00e1rios nesse processo\u201d, pontuou o secret\u00e1rio de Estado da Ind\u00fastria, Com\u00e9rcio e Servi\u00e7os, Carlos Humberto Lima, ao refor\u00e7ar a import\u00e2ncia do evento para todos os segmentos comerciais que atuam no Tocantins.<\/p>\n\n\n\n<p>Cerca de 950 expositores do segmento agropecu\u00e1rio participar\u00e3o da Agrotins este ano. Al\u00e9m disso, a feira ser\u00e1 composta por unidades demonstrativas com empres\u00e1rios das \u00e1reas do campo, \u00e1rea para din\u00e2micas, estandes, estacionamentos, pra\u00e7a de alimenta\u00e7\u00e3o, vias de circula\u00e7\u00e3o, audit\u00f3rios, exposi\u00e7\u00f5es de m\u00e1quinas e implementos, comercializa\u00e7\u00e3o de ve\u00edculos leves e pesados, comercializa\u00e7\u00e3o de produtos regionais e comercializa\u00e7\u00e3o de animais.&nbsp;<\/p>\n\n\n\n<p>O empres\u00e1rio da Jalap\u00e3o Corretora de Seguros, Jo\u00e3o Amarildo Filetti, \u00e9 um dos selecionados para participar como expositor. Ele enfatizou que o evento \u00e9 de extrema import\u00e2ncia para o seu segmento. \u201cParticipar da Agrotins \u00e9, tamb\u00e9m, uma oportunidade dos empres\u00e1rios da cidade crescerem. N\u00f3s fizemos o cadastro, pagamos uma taxa bem simb\u00f3lica e, agora, estaremos l\u00e1 expondo nossos produtos\u201d, frisou.<\/p>\n\n\n\n<p>A propriet\u00e1ria da empresa Sorvete Sabor de Inf\u00e2ncia, Cristiane Alves de Brito, estar\u00e1 presente novamente como expositora. A empres\u00e1ria salientou que a Agrotins \u00e9 sempre uma excelente vitrine para a sua marca. \u201c\u00c9 um momento muito importante e esperado por todos aqueles que t\u00eam a chance de participar. Ano passado, eu participei e foi muito bom, al\u00e9m de lucrativo. Divulguei meu trabalho, tanto que a minha margem de clientes aumentou\u201d, declarou Cristiane Alves.<\/p>\n\n\n\n<p><img src=\"https:\/\/central.to.gov.br\/image\/376165?w=670&amp;h=383\"><\/p>\n\n\n\n<p>Governador destacou que a Agrotins tem o objetivo de movimentar a economia de todas as vertentes, do pequeno, m\u00e9dio ao grande expositor &#8211; Adilvan Nogueira\/Governo do Tocantins\u00a0<\/p>\n\n\n\n<p><img src=\"https:\/\/central.to.gov.br\/image\/376166?w=670&amp;h=383\"><\/p>\n\n\n\n<p>A sele\u00e7\u00e3o das empresas ocorreu por meio de chamamento p\u00fablico, realizado pelo Governo do Tocantins em mar\u00e7o deste ano &#8211; Adilvan Nogueira\/Governo do Tocantins\u00a0<\/p>\n\n\n\n<p><img src=\"https:\/\/central.to.gov.br\/image\/376168?w=670&amp;h=383\"><\/p>\n\n\n\n<p>O secret\u00e1rio de Estado da Ind\u00fastria, Com\u00e9rcio e Servi\u00e7os, Carlos Humberto Lima, refor\u00e7ou a import\u00e2ncia do evento para todos os segmentos comerciais que atuam no Tocantins &#8211; Adilvan Nogueira\/Governo do Tocantins\u00a0<\/p>\n\n\n\n<p><img src=\"https:\/\/central.to.gov.br\/image\/376169?w=670&amp;h=383\"><\/p>\n\n\n\n<p>Empres\u00e1rio da Jalap\u00e3o Corretora de Seguro, Jo\u00e3o Amarildo Filetti, \u00e9 um dos selecionados para participar como expositor na Agrotins 2024 &#8211; Adilvan Nogueira\/Governo do Tocantins\u00a0<\/p>\n\n\n\n<p><img src=\"https:\/\/central.to.gov.br\/image\/376170?w=670&amp;h=383\"><\/p>\n\n\n\n<p>Propriet\u00e1ria da empresa Sorvete Sabor de Inf\u00e2ncia, Cristiane Alves de Brito, estar\u00e1 novamente presente como expositora na maior feira agrotecnol\u00f3gica da reig\u00e3o Norte do pa\u00eds &#8211; Adilvan Nogueira\/Governo do Tocantins<\/p>\n\n\n\n<p><img src=\"https:\/\/central.to.gov.br\/image\/376172?w=670&amp;h=383\"><\/p>\n\n\n\n<p>O encontro com os empres\u00e1rios selecionados por meio de chamamento p\u00fablico ocorreu na sala de reuni\u00f5es do Pal\u00e1cio Araguaia &#8211; Adilvan Nogueira\/Governo do Tocantins<\/p>\n","protected":false},"excerpt":{"rendered":"<p>O governador do Tocantins, Wanderlei Barbosa, assinou nesta quinta-feira, 9, os contratos com as empresas selecionadas para participar como expositoras no&nbsp;Pavilh\u00e3o do Desenvolvimento,&nbsp;da Feira de Tecnologia Agropecu\u00e1ria do Tocantins (Agrotins 2024). Trinta e sete empres\u00e1rios participaram da cerim\u00f4nia, que ocorreu na sala de reuni\u00f5es do Pal\u00e1cio Araguaia Governador Jos\u00e9 Wilson Siqueira Campos. Com o tema&nbsp;Bioeconomia, [&hellip;]<\/p>\n","protected":false},"author":2,"featured_media":19443,"comment_status":"open","ping_status":"open","sticky":false,"template":"","format":"standard","meta":[],"categories":[3],"tags":[13],"_links":{"self":[{"href":"https:\/\/dgospel.com.br\/portal\/index.php\/wp-json\/wp\/v2\/posts\/19442"}],"collection":[{"href":"https:\/\/dgospel.com.br\/portal\/index.php\/wp-json\/wp\/v2\/posts"}],"about":[{"href":"https:\/\/dgospel.com.br\/portal\/index.php\/wp-json\/wp\/v2\/types\/post"}],"author":[{"embeddable":true,"href":"https:\/\/dgospel.com.br\/portal\/index.php\/wp-json\/wp\/v2\/users\/2"}],"replies":[{"embeddable":true,"href":"https:\/\/dgospel.com.br\/portal\/index.php\/wp-json\/wp\/v2\/comments?post=19442"}],"version-history":[{"count":1,"href":"https:\/\/dgospel.com.br\/portal\/index.php\/wp-json\/wp\/v2\/posts\/19442\/revisions"}],"predecessor-version":[{"id":19444,"href":"https:\/\/dgospel.com.br\/portal\/index.php\/wp-json\/wp\/v2\/posts\/19442\/revisions\/19444"}],"wp:featuredmedia":[{"embeddable":true,"href":"https:\/\/dgospel.com.br\/portal\/index.php\/wp-json\/wp\/v2\/media\/19443"}],"wp:attachment":[{"href":"https:\/\/dgospel.com.br\/portal\/index.php\/wp-json\/wp\/v2\/media?parent=19442"}],"wp:term":[{"taxonomy":"category","embeddable":true,"href":"https:\/\/dgospel.com.br\/portal\/index.php\/wp-json\/wp\/v2\/categories?post=19442"},{"taxonomy":"post_tag","embeddable":true,"href":"https:\/\/dgospel.com.br\/portal\/index.php\/wp-json\/wp\/v2\/tags?post=19442"}],"curies":[{"name":"wp","href":"https:\/\/api.w.org\/{rel}","templated":true}]}}