{"id":19445,"date":"2024-05-10T09:44:38","date_gmt":"2024-05-10T12:44:38","guid":{"rendered":"https:\/\/dgospel.com.br\/portal\/?p=19445"},"modified":"2024-05-10T09:44:39","modified_gmt":"2024-05-10T12:44:39","slug":"ce-dois-vereadores-do-pl-foram-assassinados-em-menos-de-48h","status":"publish","type":"post","link":"https:\/\/dgospel.com.br\/portal\/index.php\/2024\/05\/10\/ce-dois-vereadores-do-pl-foram-assassinados-em-menos-de-48h\/","title":{"rendered":"CE: Dois vereadores do PL foram assassinados em menos de 48h"},"content":{"rendered":"\n<p>Na ter\u00e7a-feira (7), o vereador Erasmo Morais, da cidade de Crato, foi assassinado com mais de 45 tiros em frente a sua casa. Ex-policial militar, ele gravou um v\u00eddeo dias antes do crime dizendo que, se fosse morto, a motiva\u00e7\u00e3o seria pol\u00edtica.<\/p>\n\n\n\n<p>\u2013 Fiquem de olho, porque eu vou mexer com gente grande, eu vou mexer com um enxame de abelha, eu vou mexer com formigueiro. E, se alguma coisa acontecer na minha vida, n\u00e3o procure outra linha de investiga\u00e7\u00e3o: foram quest\u00f5es pol\u00edticas \u2013 disse ele.<\/p>\n\n\n\n<p>O segundo crime aconteceu nesta quinta (9), quando o vereador Sargento Geilson foi morto dentro de um frigor\u00edfico na cidade de Ic\u00f3. O pol\u00edtico era suplente de deputado estadual e 2\u00ba sargento da PMCE, mas estava afastado de suas fun\u00e7\u00f5es por quest\u00f5es de sa\u00fade.<\/p>\n\n\n\n<p>Por coincid\u00eancia, Geilson Pereira Lima tamb\u00e9m chegou a gravar um v\u00eddeo dizendo que sofreria repres\u00e1lias por estar denunciando esquemas de corrup\u00e7\u00e3o. Ele afirmou no v\u00eddeo que recebia amea\u00e7as.<\/p>\n\n\n\n<p>\u2013 Hoje estou gravando esse v\u00eddeo para trazer informa\u00e7\u00f5es \u00e0 popula\u00e7\u00e3o incoerente do que est\u00e1 acontecendo aqui em nossa cidade, onde venho sofrer v\u00e1rias amea\u00e7as de morte por parte de pessoas ligadas \u00e0 gest\u00e3o da prefeita La\u00eds Nunes (PT). Amigos meus e at\u00e9 familiares agora, sendo amea\u00e7ados de morte pelo simples fato de que estou fazendo den\u00fancias de poss\u00edveis crimes de corrup\u00e7\u00e3o da prefeita \u2013 diz o homem no v\u00eddeo.<\/p>\n\n\n\n<p>As grava\u00e7\u00f5es foram divulgadas pelo deputado federal Andr\u00e9 Fernandes (PL-CE) que se mostra bastante abalado com a situa\u00e7\u00e3o.<\/p>\n\n\n\n<p>\u2013 Eu preciso, o povo cearense precisa que essa investiga\u00e7\u00e3o, em ambos os casos, aconte\u00e7a de forma r\u00e1pida e s\u00e9ria, sem politicagem. Qual foi o motivo desses assassinatos? Quem mandou matar o vereador Erasmo Moraes? Quem mandou matar o sargento Geilson, nosso suplente de deputado estadual? O que me revolta \u00e9 que nenhum dos dois casos est\u00e3o repercutindo em n\u00edvel nacional \u2013 declarou Fernandes.<\/p>\n","protected":false},"excerpt":{"rendered":"<p>Na ter\u00e7a-feira (7), o vereador Erasmo Morais, da cidade de Crato, foi assassinado com mais de 45 tiros em frente a sua casa. Ex-policial militar, ele gravou um v\u00eddeo dias antes do crime dizendo que, se fosse morto, a motiva\u00e7\u00e3o seria pol\u00edtica. \u2013 Fiquem de olho, porque eu vou mexer com gente grande, eu vou [&hellip;]<\/p>\n","protected":false},"author":2,"featured_media":19446,"comment_status":"open","ping_status":"open","sticky":false,"template":"","format":"standard","meta":[],"categories":[10],"tags":[],"_links":{"self":[{"href":"https:\/\/dgospel.com.br\/portal\/index.php\/wp-json\/wp\/v2\/posts\/19445"}],"collection":[{"href":"https:\/\/dgospel.com.br\/portal\/index.php\/wp-json\/wp\/v2\/posts"}],"about":[{"href":"https:\/\/dgospel.com.br\/portal\/index.php\/wp-json\/wp\/v2\/types\/post"}],"author":[{"embeddable":true,"href":"https:\/\/dgospel.com.br\/portal\/index.php\/wp-json\/wp\/v2\/users\/2"}],"replies":[{"embeddable":true,"href":"https:\/\/dgospel.com.br\/portal\/index.php\/wp-json\/wp\/v2\/comments?post=19445"}],"version-history":[{"count":1,"href":"https:\/\/dgospel.com.br\/portal\/index.php\/wp-json\/wp\/v2\/posts\/19445\/revisions"}],"predecessor-version":[{"id":19447,"href":"https:\/\/dgospel.com.br\/portal\/index.php\/wp-json\/wp\/v2\/posts\/19445\/revisions\/19447"}],"wp:featuredmedia":[{"embeddable":true,"href":"https:\/\/dgospel.com.br\/portal\/index.php\/wp-json\/wp\/v2\/media\/19446"}],"wp:attachment":[{"href":"https:\/\/dgospel.com.br\/portal\/index.php\/wp-json\/wp\/v2\/media?parent=19445"}],"wp:term":[{"taxonomy":"category","embeddable":true,"href":"https:\/\/dgospel.com.br\/portal\/index.php\/wp-json\/wp\/v2\/categories?post=19445"},{"taxonomy":"post_tag","embeddable":true,"href":"https:\/\/dgospel.com.br\/portal\/index.php\/wp-json\/wp\/v2\/tags?post=19445"}],"curies":[{"name":"wp","href":"https:\/\/api.w.org\/{rel}","templated":true}]}}