{"id":19468,"date":"2024-05-10T17:37:27","date_gmt":"2024-05-10T20:37:27","guid":{"rendered":"https:\/\/dgospel.com.br\/portal\/?p=19468"},"modified":"2024-05-10T17:37:28","modified_gmt":"2024-05-10T20:37:28","slug":"video-da-policia-mostra-familia-ilhada-no-rs-louvando-a-deus-tome-o-lugar-de-honra","status":"publish","type":"post","link":"https:\/\/dgospel.com.br\/portal\/index.php\/2024\/05\/10\/video-da-policia-mostra-familia-ilhada-no-rs-louvando-a-deus-tome-o-lugar-de-honra\/","title":{"rendered":"V\u00eddeo da Pol\u00edcia mostra fam\u00edlia ilhada no RS louvando a Deus: \u2018Tome o lugar de honra\u2019"},"content":{"rendered":"\n<p>Uma equipe de policiais que fazia uma ronda para oferecer resgate a uma fam\u00edlia ilhada pela enchente que devastou diversas cidades no Rio Grande do Sul flagrou um culto dom\u00e9stico, com a fam\u00edlia louvando a Deus \u00e0 luz de velas e ao som de viol\u00e3o.<\/p>\n\n\n\n<p>No momento que o v\u00eddeo foi gravado, a fam\u00edlia cantava a m\u00fasica&nbsp;<em>Ema\u00fas<\/em>, do minist\u00e9rio de louvor Morada. O trecho no v\u00eddeo mostra-os convidando o Senhor a permanecer com eles:<\/p>\n\n\n\n<p><em>\u201cN\u00f3s arrumamos a casa<br>Perfumamos ela toda<br>N\u00f3s preparamos a mesa<br>Tome o lugar de honra\u201d.<\/em><\/p>\n\n\n\n<p>A B\u00edblia est\u00e1 repleta de passagens que demonstram o louvor como arma de guerra, e o gesto da fam\u00edlia ilhada demonstra na pr\u00e1tica o que diz o Salmo 28.7,8: \u201cO Senhor \u00e9 a minha for\u00e7a e o meu escudo; n\u2019Ele o meu cora\u00e7\u00e3o confia, e d\u2019Ele recebo ajuda. Meu cora\u00e7\u00e3o exulta de alegria, e com o meu c\u00e2ntico lhe darei gra\u00e7as. O Senhor \u00e9 a for\u00e7a do seu povo, a fortaleza que salva o seu ungido\u201d.<\/p>\n\n\n\n<p>O Morada compartilhou o v\u00eddeo gravado pelos PMs em sua p\u00e1gina no&nbsp;<a href=\"https:\/\/www.instagram.com\/p\/C6t12VLrvhK\/\">Instagram<\/a>: \u201cMeu Deus, encontrar uma fam\u00edlia adorando ao Senhor em meio ao caos nos ensina, nos contrange, nos confronta e inspira!\u201d.<\/p>\n\n\n\n<p>\u201cSeguimos aqui orando, colaborando e segunda-feira (13\/05) teremos um encontro no&nbsp;<em>Hub Podcast<\/em>&nbsp;com v\u00e1rios ministros e pastores numa&nbsp;<em>live<\/em>&nbsp;especial para levantar um clamor e&nbsp;<a href=\"https:\/\/noticias.gospelmais.com.br\/pablo-marcal-guerra-globo-acusacao-fake-news-168998.html\"><strong>ainda mais recursos financeiros<\/strong><\/a>! E dia 27\/05 teremos um evento presencial em Guarulhos ou S\u00e3o Paulo e toda arrecada\u00e7\u00e3o ser\u00e1 tamb\u00e9m destinada ao Sul do pais!\u201d, anunciou o Morada.<\/p>\n\n\n\n<p>Assista ao v\u00eddeo emocionante:<\/p>\n\n\n\n<p><a href=\"https:\/\/www.instagram.com\/reel\/C6t12VLrvhK\/?utm_source=ig_embed&amp;ig_rid=d3a10e87-3ce0-40fd-a4f4-c9937a9ec422\">https:\/\/www.instagram.com\/reel\/C6t12VLrvhK\/?utm_source=ig_embed&amp;ig_rid=d3a10e87-3ce0-40fd-a4f4-c9937a9ec422<\/a><\/p>\n","protected":false},"excerpt":{"rendered":"<p>Uma equipe de policiais que fazia uma ronda para oferecer resgate a uma fam\u00edlia ilhada pela enchente que devastou diversas cidades no Rio Grande do Sul flagrou um culto dom\u00e9stico, com a fam\u00edlia louvando a Deus \u00e0 luz de velas e ao som de viol\u00e3o. No momento que o v\u00eddeo foi gravado, a fam\u00edlia cantava [&hellip;]<\/p>\n","protected":false},"author":2,"featured_media":19469,"comment_status":"open","ping_status":"open","sticky":false,"template":"","format":"standard","meta":[],"categories":[12,5],"tags":[],"_links":{"self":[{"href":"https:\/\/dgospel.com.br\/portal\/index.php\/wp-json\/wp\/v2\/posts\/19468"}],"collection":[{"href":"https:\/\/dgospel.com.br\/portal\/index.php\/wp-json\/wp\/v2\/posts"}],"about":[{"href":"https:\/\/dgospel.com.br\/portal\/index.php\/wp-json\/wp\/v2\/types\/post"}],"author":[{"embeddable":true,"href":"https:\/\/dgospel.com.br\/portal\/index.php\/wp-json\/wp\/v2\/users\/2"}],"replies":[{"embeddable":true,"href":"https:\/\/dgospel.com.br\/portal\/index.php\/wp-json\/wp\/v2\/comments?post=19468"}],"version-history":[{"count":1,"href":"https:\/\/dgospel.com.br\/portal\/index.php\/wp-json\/wp\/v2\/posts\/19468\/revisions"}],"predecessor-version":[{"id":19470,"href":"https:\/\/dgospel.com.br\/portal\/index.php\/wp-json\/wp\/v2\/posts\/19468\/revisions\/19470"}],"wp:featuredmedia":[{"embeddable":true,"href":"https:\/\/dgospel.com.br\/portal\/index.php\/wp-json\/wp\/v2\/media\/19469"}],"wp:attachment":[{"href":"https:\/\/dgospel.com.br\/portal\/index.php\/wp-json\/wp\/v2\/media?parent=19468"}],"wp:term":[{"taxonomy":"category","embeddable":true,"href":"https:\/\/dgospel.com.br\/portal\/index.php\/wp-json\/wp\/v2\/categories?post=19468"},{"taxonomy":"post_tag","embeddable":true,"href":"https:\/\/dgospel.com.br\/portal\/index.php\/wp-json\/wp\/v2\/tags?post=19468"}],"curies":[{"name":"wp","href":"https:\/\/api.w.org\/{rel}","templated":true}]}}