{"id":19471,"date":"2024-05-10T17:51:40","date_gmt":"2024-05-10T20:51:40","guid":{"rendered":"https:\/\/dgospel.com.br\/portal\/?p=19471"},"modified":"2024-05-10T17:51:41","modified_gmt":"2024-05-10T20:51:41","slug":"wanderlei-barbosa-lanca-oficialmente-a-agrotins-2024-com-shows-e-arrecada-toneladas-de-doacoes-para-o-rio-grande-do-sul","status":"publish","type":"post","link":"https:\/\/dgospel.com.br\/portal\/index.php\/2024\/05\/10\/wanderlei-barbosa-lanca-oficialmente-a-agrotins-2024-com-shows-e-arrecada-toneladas-de-doacoes-para-o-rio-grande-do-sul\/","title":{"rendered":"\u00a0Wanderlei Barbosa lan\u00e7a oficialmente a Agrotins 2024 com shows e arrecada toneladas de doa\u00e7\u00f5es para o Rio Grande do Sul"},"content":{"rendered":"\n<p>O governador&nbsp; do Tocantins, Wanderlei Barbosa, acompanhado da primeira-dama e secret\u00e1ria extraordin\u00e1ria de Participa\u00e7\u00f5es Sociais, Karynne Sotero, realizou, na noite dessa quinta-feira, 9, o lan\u00e7amento oficial da 24\u00aa edi\u00e7\u00e3o da maior feira de tecnologia agropecu\u00e1ria do Norte do pa\u00eds, a Agrotins 2024, que tem como tema&nbsp;<em>Bioeconomia<\/em>. O evento foi realizado no estacionamento do Gin\u00e1sio Ayrton Senna, em Taquaralto, e contou com apresenta\u00e7\u00f5es musicais de renomados artistas como Di Paullo e Paulino; Humberto e Ronaldo; e o aclamado Dorgival Dantas.<br><br>A abertura da Agrotins 2024 recebeu um grande p\u00fablico e contou com pra\u00e7a de alimenta\u00e7\u00e3o, bebedouros, banheiros e servi\u00e7os de seguran\u00e7a, com entrada franca.<br><br>\u201c\u00c9 com grande satisfa\u00e7\u00e3o que estou aqui para realizar a abertura oficial da Agrotins 2024, um evento que representa n\u00e3o apenas o potencial do nosso setor agropecu\u00e1rio, mas tamb\u00e9m o compromisso do nosso governo em promover o desenvolvimento econ\u00f4mico e social do Tocantins. Este evento \u00e9 a porta para muitos empres\u00e1rios e para o p\u00fablico em geral realizar negocia\u00e7\u00f5es e promete movimentar mais de R$ 3 bilh\u00f5es. Tenho certeza de que, assim como nas outras edi\u00e7\u00f5es, a deste ano ser\u00e1 um grande sucesso\u201d, ressaltou o governador Wanderlei Barbosa.<br><br>O secret\u00e1rio de Estado da Agricultura e Pecu\u00e1ria (Seagro), Jaime Caf\u00e9, ressaltou que este ano a Agrotins ser\u00e1 bem mais estruturada, com o investimento que o Governo do Tocantins est\u00e1 aplicando na parte de pavimenta\u00e7\u00e3o, \u00e1gua, sanit\u00e1rios e conectividade. &#8220;Estamos propiciando diversos benef\u00edcios para que o expositor possa fazer da melhor maneira o seu trabalho. Al\u00e9m disso, teremos muitos cursos para enriquecer nossos produtores de novos conhecimentos, bem como o toque especial que \u00e9 a nova praia que vai deixar a nossa feira mais linda ainda\u201d, destacou.<br><br><strong>Tocantins pelo Rio Grande do Sul<\/strong><br><br>Durante a abertura da Agrotins 2024, o governador Wanderlei&nbsp; Barbosa tamb\u00e9m destacou a import\u00e2ncia da campanha de arrecada\u00e7\u00e3o de alimentos para ajudar o Rio Grande do Sul, que sofre com uma trag\u00e9dia clim\u00e1tica, com alagamentos de cidades, deslizamentos de terra e muitas v\u00edtimas precisando de ajuda. &#8220;Hoje&nbsp;<em>[quinta-feira, 9]<\/em>, al\u00e9m de proporcionarmos uma festa comemorativa para a nossa popula\u00e7\u00e3o, temos um objetivo maior, que \u00e9 a arrecada\u00e7\u00e3o de alimentos que ser\u00e3o enviados ao Rio Grande do Sul, para ajudar a popula\u00e7\u00e3o ga\u00facha. Estamos muito felizes com o resultado e com o comprometimento da popula\u00e7\u00e3o tocantinense nessa causa\u201d, enfatizou o Governador.<br><br>A primeira-dama e secret\u00e1ria extraordin\u00e1ria de Participa\u00e7\u00f5es Sociais, Karynne Sotero, coordenou a a\u00e7\u00e3o&nbsp;<em>Tocantins pelo Rio Grande do Sul<\/em>, realizada durante o show de abertura da Agrotins 2024, contando com doa\u00e7\u00f5es da Aprosoja, do Centro de Tradi\u00e7\u00f5es Ga\u00fachas (CTG), empres\u00e1rios e da sociedade civil.&nbsp;\u201cO evento de lan\u00e7amento oficial da Agrotins 2024 tamb\u00e9m tem como objetivo a arrecada\u00e7\u00e3o de alimentos. Temos mais de 400 pontos de coleta em todo o Estado, incluindo escolas estaduais, Corpo de Bombeiros e Pol\u00edcia Militar. J\u00e1 enviamos cinco carretas de doa\u00e7\u00f5es e, nesta sexta-feira, 10, enviaremos mais outras cinco. Estamos muito satisfeitos com a resposta que o povo tocantinense tem nos dado em prol dessa causa, que \u00e9 ajudar o povo do Rio Grande do Sul que est\u00e1 passando por essa grande trag\u00e9dia\u201d, destacou Karynne Sotero.<br><br><strong>Turismo na Agrotins<\/strong><br><br>O&nbsp;secret\u00e1rio de Estado do Turismo (Setur), Hercy Filho, ressaltou a import\u00e2ncia da Agrotins como plataforma para promover tanto o potencial agropecu\u00e1rio quanto as belezas naturais do Tocantins. \u201cN\u00f3s da equipe do turismo estamos aqui para fazer a atra\u00e7\u00e3o que o povo espera na v\u00e9spera da 24\u00aa Agrotins, com Humberto e Ronaldo; Di Paullo e Paulino; e Dorgival Dantas, mobilizando as pessoas e permitindo o com\u00e9rcio desde o ambulante at\u00e9 uma empresa do agroneg\u00f3cio. A nossa vitrine nesta pr\u00f3xima semana \u00e9 o agroneg\u00f3cio, \u00e9 o que a Agrotins representa para o nosso Estado e para o Brasil\u201d, declarou Hercy Filho.<\/p>\n\n\n\n<p><strong>Grande show<\/strong><br><br>Uma das grandes atra\u00e7\u00f5es da noite, Dorgival Dantas, n\u00e3o deixou de expressar sua alegria em fazer parte da abertura da 24\u00aa edi\u00e7\u00e3o da Agrotins. \u201cEstou muito feliz de estar aqui nesta noite, na abertura desta feira que \u00e9 um grande marco para o estado do Tocantins. Muito satisfeito tamb\u00e9m por saber que al\u00e9m de um evento cultural, a noite de hoje est\u00e1 sendo palco para arrecadar utens\u00edlios e alimentos que ser\u00e3o doados ao povo do Rio Grande do Sul, que tem sofrido com as cat\u00e1strofes ocasionadas pelo excesso de chuva na regi\u00e3o\u201d, pontuou Dorgival Dantas.<br><br>A moradora de Palmas, Alessandra Carvalhais, relatou que saiu de casa nessa quinta-feira, 9, especialmente para ver a dupla Di Paullo e Paulino, e acrescentou que acredita que a 24\u00aa edi\u00e7\u00e3o da Agrotins ficar\u00e1 para a hist\u00f3ria. \u201cA expectativa para a feira deste ano \u00e9 uma grande renova\u00e7\u00e3o. O governador do Estado est\u00e1 fazendo um grande empreendimento nesta feira, ent\u00e3o eu creio que esta edi\u00e7\u00e3o vai ficar para a hist\u00f3ria e superar todas as expectativas. O show mais esperado \u00e9 Di Paullo e Paulino, que \u00e9 uma dupla que relembra meus pais, com can\u00e7\u00f5es muito bonitas e tem tudo a ver com o evento em si\u201d, afirmou.<br><br><strong>Agrotins 2024<\/strong><br><br>A Feira de Tecnologia Agropecu\u00e1ria do Tocantins (Agrotins) ocorrer\u00e1 entre os dias 14 e 18 de maio, no Parque Agrotecnol\u00f3gico Engenheiro Agr\u00f4nomo Mauro Medanha, em Palmas. Este ano, promete movimentar cerca de R$ 3 bilh\u00f5es em neg\u00f3cios, com 950 expositores do segmento agropecu\u00e1rio. A novidade da 24\u00aa edi\u00e7\u00e3o \u00e9 a reestrutura\u00e7\u00e3o da orla do lago, que ter\u00e1 \u00e1reas para os visitantes. A programa\u00e7\u00e3o contar\u00e1 com palestras e oficinas voltadas \u00e0s tecnologias para o pequeno produtor, al\u00e9m de incentivos de financiamento de linhas de cr\u00e9dito. Os visitantes tamb\u00e9m poder\u00e3o conferir a exposi\u00e7\u00e3o de animais, entre equ\u00eddeos e bovinos, com gados de corte e leiteiros. Na agricultura, haver\u00e1 estandes de sementes de soja, milho, arroz, feij\u00e3o, sorgo e outros gr\u00e3os.<br><br>A Agrotins \u00e9 uma realiza\u00e7\u00e3o do Governo do Tocantins, por meio da Secretaria de Estado da Agricultura e Pecu\u00e1ria (Seagro), da Ag\u00eancia de Defesa Agropecu\u00e1ria (Adapec), do Instituto de Desenvolvimento Rural do Tocantins (Ruraltins), da Funda\u00e7\u00e3o de Amparo \u00e0 Pesquisa do Tocantins (Fapt) e da Tocantins Parcerias, em conjunto com empresas voltadas para o agroneg\u00f3cio, institui\u00e7\u00f5es e \u00f3rg\u00e3os p\u00fablicos, de pesquisas e educacionais.<\/p>\n\n\n\n<p><img src=\"https:\/\/central.to.gov.br\/image\/376261?w=670&amp;h=383\"><\/p>\n\n\n\n<p>Alessandra Carvalhais falou da sua expectativa e do entusiasmo para a 24\u00aa edi\u00e7\u00e3o da Agrotins, aguardando ansiosamente os shows e as novidades &#8211; M\u00e1rcio Vieira\/Governo do Tocantins\u00a0<\/p>\n\n\n\n<p><img src=\"https:\/\/central.to.gov.br\/image\/376260?w=670&amp;h=383\"><\/p>\n\n\n\n<p>Uma das grandes atra\u00e7\u00f5es da noite, Dorgival Dantas n\u00e3o deixou de expressar sua alegria em fazer parte da abertura da 24\u00aa edi\u00e7\u00e3o da Agrotins &#8211; M\u00e1rcio Vieira\/Governo do Tocantins<\/p>\n\n\n\n<p><img src=\"https:\/\/central.to.gov.br\/image\/376258?w=670&amp;h=383\"><\/p>\n\n\n\n<p>Secret\u00e1rio de Estado da Agricultura e Pecu\u00e1ria, Jaime Caf\u00e9, ressaltou o trabalho do Governo do Tocantins nas melhorias estruturais da Agrotins &#8211; M\u00e1rcio Vieira\/Governo do Tocantins\u00a0<\/p>\n\n\n\n<p><img src=\"https:\/\/central.to.gov.br\/image\/376259?w=670&amp;h=383\"><\/p>\n\n\n\n<p>Di Paullo e Paulino encantaram o p\u00fablico na abertura da Agrotins 2024 &#8211; Lucas Feitosa\/Governo do Tocantins\u00a0<\/p>\n\n\n\n<p><img src=\"https:\/\/central.to.gov.br\/image\/376257?w=670&amp;h=383\"><\/p>\n\n\n\n<p>Primeira-dama Karynne Sotero coordenou a campanha &#8220;Tocantins pelo Rio Grande do Sul&#8217;, promovendo solidariedade na feira &#8211; M\u00e1rcio Vieira\/Governo do Tocantins\u00a0<\/p>\n\n\n\n<p><img src=\"https:\/\/central.to.gov.br\/image\/376256?w=670&amp;h=383\"><\/p>\n\n\n\n<p>Governador Wanderlei Barbosa, acompanhado da primeira-dama Karynne Sotero, com secret\u00e1rio do Turismo, Hercy Filho, e Dorgival Dantas durante lan\u00e7amento oficial da 24\u00aa edi\u00e7\u00e3o da Agrotins &#8211; M\u00e1rcio Vieira\/Governo do Tocantins\u00a0<\/p>\n","protected":false},"excerpt":{"rendered":"<p>O governador&nbsp; do Tocantins, Wanderlei Barbosa, acompanhado da primeira-dama e secret\u00e1ria extraordin\u00e1ria de Participa\u00e7\u00f5es Sociais, Karynne Sotero, realizou, na noite dessa quinta-feira, 9, o lan\u00e7amento oficial da 24\u00aa edi\u00e7\u00e3o da maior feira de tecnologia agropecu\u00e1ria do Norte do pa\u00eds, a Agrotins 2024, que tem como tema&nbsp;Bioeconomia. O evento foi realizado no estacionamento do Gin\u00e1sio Ayrton [&hellip;]<\/p>\n","protected":false},"author":2,"featured_media":19472,"comment_status":"open","ping_status":"open","sticky":false,"template":"","format":"standard","meta":[],"categories":[3],"tags":[13],"_links":{"self":[{"href":"https:\/\/dgospel.com.br\/portal\/index.php\/wp-json\/wp\/v2\/posts\/19471"}],"collection":[{"href":"https:\/\/dgospel.com.br\/portal\/index.php\/wp-json\/wp\/v2\/posts"}],"about":[{"href":"https:\/\/dgospel.com.br\/portal\/index.php\/wp-json\/wp\/v2\/types\/post"}],"author":[{"embeddable":true,"href":"https:\/\/dgospel.com.br\/portal\/index.php\/wp-json\/wp\/v2\/users\/2"}],"replies":[{"embeddable":true,"href":"https:\/\/dgospel.com.br\/portal\/index.php\/wp-json\/wp\/v2\/comments?post=19471"}],"version-history":[{"count":1,"href":"https:\/\/dgospel.com.br\/portal\/index.php\/wp-json\/wp\/v2\/posts\/19471\/revisions"}],"predecessor-version":[{"id":19473,"href":"https:\/\/dgospel.com.br\/portal\/index.php\/wp-json\/wp\/v2\/posts\/19471\/revisions\/19473"}],"wp:featuredmedia":[{"embeddable":true,"href":"https:\/\/dgospel.com.br\/portal\/index.php\/wp-json\/wp\/v2\/media\/19472"}],"wp:attachment":[{"href":"https:\/\/dgospel.com.br\/portal\/index.php\/wp-json\/wp\/v2\/media?parent=19471"}],"wp:term":[{"taxonomy":"category","embeddable":true,"href":"https:\/\/dgospel.com.br\/portal\/index.php\/wp-json\/wp\/v2\/categories?post=19471"},{"taxonomy":"post_tag","embeddable":true,"href":"https:\/\/dgospel.com.br\/portal\/index.php\/wp-json\/wp\/v2\/tags?post=19471"}],"curies":[{"name":"wp","href":"https:\/\/api.w.org\/{rel}","templated":true}]}}