{"id":1948,"date":"2018-11-27T10:30:08","date_gmt":"2018-11-27T12:30:08","guid":{"rendered":"http:\/\/dgospel.com.br\/portal\/?p=1948"},"modified":"2018-11-27T10:30:08","modified_gmt":"2018-11-27T12:30:08","slug":"governador-mauro-carlesse-convida-chefes-dos-poderes-para-discutir-situacao-financeira-do-estado","status":"publish","type":"post","link":"https:\/\/dgospel.com.br\/portal\/index.php\/2018\/11\/27\/governador-mauro-carlesse-convida-chefes-dos-poderes-para-discutir-situacao-financeira-do-estado\/","title":{"rendered":"Governador Mauro Carlesse convida chefes dos Poderes para discutir situa\u00e7\u00e3o financeira do Estado"},"content":{"rendered":"<div class=\"col-lg-9\">\n<article>\n<div>\n<div class=\"col-lg-9\">\n<article>\n<div>\n<p>Em virtude da conjuntura econ\u00f4mica-financeira do Pa\u00eds, com s\u00e9rios desdobramentos no Estado do Tocantins, o governador Mauro Carlesse convidou os chefes dos Poderes e \u00f3rg\u00e3os para uma reuni\u00e3o nesta quarta-feira, 28, \u00e0s 16 horas, em seu gabinete no Pal\u00e1cio Araguaia, em Palmas. Os objetivos da reuni\u00e3o s\u00e3o\u00a0discutir e examinar dados que dizem respeito \u00e0\u00a0real situa\u00e7\u00e3o fiscal e financeira do Tocantins.<\/p>\n<p>O Governo entende que, neste momento, \u00e9 importante que todos se unam em torno de um objetivo comum, que \u00e9 a busca por solu\u00e7\u00f5es aplic\u00e1veis a curto, m\u00e9dio e longo prazo para garantir a miss\u00e3o de oportunizar aos cidad\u00e3os melhores condi\u00e7\u00f5es de vida.<\/p>\n<p>A reuni\u00e3o contar\u00e1 com a participa\u00e7\u00e3o dos secret\u00e1rios de Estado da Fazenda e Planejamento,\u00a0\u00a0Sandro Henrique Armando; e da Administra\u00e7\u00e3o, Edson Cabral.<\/p>\n<\/div>\n<\/article>\n<\/div>\n<\/div>\n<\/article>\n<\/div>\n","protected":false},"excerpt":{"rendered":"<p>Em virtude da conjuntura econ\u00f4mica-financeira do Pa\u00eds, com s\u00e9rios desdobramentos no Estado do Tocantins, o governador Mauro Carlesse convidou os chefes dos Poderes e \u00f3rg\u00e3os para uma reuni\u00e3o nesta quarta-feira, 28, \u00e0s 16 horas, em seu gabinete no Pal\u00e1cio Araguaia, em Palmas. Os objetivos da reuni\u00e3o s\u00e3o\u00a0discutir e examinar dados que dizem respeito \u00e0\u00a0real situa\u00e7\u00e3o [&hellip;]<\/p>\n","protected":false},"author":2,"featured_media":1949,"comment_status":"open","ping_status":"open","sticky":false,"template":"","format":"standard","meta":[],"categories":[2,4],"tags":[],"_links":{"self":[{"href":"https:\/\/dgospel.com.br\/portal\/index.php\/wp-json\/wp\/v2\/posts\/1948"}],"collection":[{"href":"https:\/\/dgospel.com.br\/portal\/index.php\/wp-json\/wp\/v2\/posts"}],"about":[{"href":"https:\/\/dgospel.com.br\/portal\/index.php\/wp-json\/wp\/v2\/types\/post"}],"author":[{"embeddable":true,"href":"https:\/\/dgospel.com.br\/portal\/index.php\/wp-json\/wp\/v2\/users\/2"}],"replies":[{"embeddable":true,"href":"https:\/\/dgospel.com.br\/portal\/index.php\/wp-json\/wp\/v2\/comments?post=1948"}],"version-history":[{"count":1,"href":"https:\/\/dgospel.com.br\/portal\/index.php\/wp-json\/wp\/v2\/posts\/1948\/revisions"}],"predecessor-version":[{"id":1950,"href":"https:\/\/dgospel.com.br\/portal\/index.php\/wp-json\/wp\/v2\/posts\/1948\/revisions\/1950"}],"wp:featuredmedia":[{"embeddable":true,"href":"https:\/\/dgospel.com.br\/portal\/index.php\/wp-json\/wp\/v2\/media\/1949"}],"wp:attachment":[{"href":"https:\/\/dgospel.com.br\/portal\/index.php\/wp-json\/wp\/v2\/media?parent=1948"}],"wp:term":[{"taxonomy":"category","embeddable":true,"href":"https:\/\/dgospel.com.br\/portal\/index.php\/wp-json\/wp\/v2\/categories?post=1948"},{"taxonomy":"post_tag","embeddable":true,"href":"https:\/\/dgospel.com.br\/portal\/index.php\/wp-json\/wp\/v2\/tags?post=1948"}],"curies":[{"name":"wp","href":"https:\/\/api.w.org\/{rel}","templated":true}]}}