{"id":19480,"date":"2024-05-11T10:37:54","date_gmt":"2024-05-11T13:37:54","guid":{"rendered":"https:\/\/dgospel.com.br\/portal\/?p=19480"},"modified":"2024-05-11T10:37:55","modified_gmt":"2024-05-11T13:37:55","slug":"convencao-batista-brasileira-e-missoes-nacionais-organizam-forca-tarefa-para-acao-no-rs","status":"publish","type":"post","link":"https:\/\/dgospel.com.br\/portal\/index.php\/2024\/05\/11\/convencao-batista-brasileira-e-missoes-nacionais-organizam-forca-tarefa-para-acao-no-rs\/","title":{"rendered":"Conven\u00e7\u00e3o Batista Brasileira e Miss\u00f5es Nacionais organizam for\u00e7a-tarefa para a\u00e7\u00e3o no RS"},"content":{"rendered":"\n<p>A Junta de Miss\u00f5es Nacionais (JMN) desenvolve trabalho mission\u00e1rio em diversas cidades no Sul do pa\u00eds e tem vivenciado de perto a trag\u00e9dia que assola o Rio Grande do Sul. As a\u00e7\u00f5es est\u00e3o sendo realizadas em conjunto com a Conven\u00e7\u00e3o Batista Brasileira (CBB), a Conven\u00e7\u00e3o Batista do Rio Grande do Sul e a Conven\u00e7\u00e3o Batista Pioneira.<\/p>\n\n\n\n<p>Desde o in\u00edcio, a equipe mission\u00e1ria est\u00e1 acompanhando e identificando as principais necessidades dos locais atingidos, promovendo campanhas de mobiliza\u00e7\u00e3o via redes sociais, com o objetivo de incentivar a ora\u00e7\u00e3o e a contribui\u00e7\u00e3o financeira.<\/p>\n\n\n\n<p>\u2013 Consegui chorar pela primeira vez, depois de ver toda provis\u00e3o de recursos chegando e a manifesta\u00e7\u00e3o do povo Batista com mensagens e ora\u00e7\u00f5es em nossos telefones. \u00c9 muito bom ter voc\u00eas conosco guerreando lado a lado de forma t\u00e3o ousada! Minha profunda gratid\u00e3o neste momento, como ga\u00facha \u2013 foi a mensagem enviada pela mission\u00e1ria de Miss\u00f5es Nacionais, Cristiane Niemeyer, que atua em Santo Ant\u00f4nio da Patrulha.<\/p>\n\n\n\n<p>No local, mission\u00e1rios e volunt\u00e1rios est\u00e3o servindo com a log\u00edstica no recebimento e na distribui\u00e7\u00e3o de doa\u00e7\u00f5es, al\u00e9m de preparar refei\u00e7\u00f5es.<\/p>\n\n\n\n<p>\u2013 Destacamos o acolhimento de fam\u00edlias, que est\u00e3o sendo cuidadas e abra\u00e7adas, tendo a oportunidade de ouvir sobre a esperan\u00e7a que h\u00e1 em Jesus Cristo \u2013 relatou a assessoria de Comunica\u00e7\u00e3o de Miss\u00f5es Nacionais.<\/p>\n\n\n\n<figure class=\"wp-block-image\"><img src=\"https:\/\/static.cdn.pleno.news\/2024\/05\/Imagem-do-WhatsApp-de-2024-05-10-%C3%A0s-18.15.05_72da05c4.jpg\" alt=\"\" class=\"wp-image-1320575\"\/><figcaption>Batistas est\u00e3o em a\u00e7\u00e3o e ora\u00e7\u00e3o&nbsp;Foto: Divulga\u00e7\u00e3o\/ Junta de Miss\u00f5es Nacionais<\/figcaption><\/figure>\n\n\n\n<p><strong>CARRETA MISSION\u00c1RIA<\/strong><br>Os recursos arrecadados est\u00e3o sendo destinados \u00e0 compra de itens como \u00e1gua, alimentos, colch\u00f5es, sabonetes, produtos de limpeza, fraldas descart\u00e1veis e cobertores. Al\u00e9m das ofertas financeiras, a Carreta Mission\u00e1ria j\u00e1 est\u00e1 no Sul, e chegou repleta de doa\u00e7\u00f5es.<\/p>\n\n\n\n<p>\u2013 Nosso ve\u00edculo mission\u00e1rio tamb\u00e9m est\u00e1 em a\u00e7\u00e3o, para a gl\u00f3ria de Deus \u2013 destacou a ag\u00eancia.<\/p>\n\n\n\n<figure class=\"wp-block-image\"><img src=\"https:\/\/static.cdn.pleno.news\/2024\/05\/Imagem-do-WhatsApp-de-2024-05-07-%C3%A0s-19.28.21_6f6361e5.jpg\" alt=\"\" class=\"wp-image-1320573\"\/><figcaption>Ag\u00eancia mission\u00e1ria atua em diversas cidades no Sul e tem vivenciado de perto a trag\u00e9dia no RS&nbsp;Foto: Divulga\u00e7\u00e3o\/ Junta de Miss\u00f5es Nacionais<\/figcaption><\/figure>\n\n\n\n<p><strong>A\u00c7\u00c3O E ORA\u00c7\u00c3O<\/strong><br>Diante de tanta dor e sofrimento, Miss\u00f5es Nacionais tamb\u00e9m iniciar, nesta sexta-feira (10), uma campanha de 30 dias de ora\u00e7\u00e3o. O objetivo \u00e9 um clamor conjunto em prol dos moradores, equipes mission\u00e1rias, volunt\u00e1rios e poder p\u00fablico. As preces tamb\u00e9m visam paz e esperan\u00e7a aos cora\u00e7\u00f5es.<\/p>\n\n\n\n<p>\u2013 Estamos unidos em a\u00e7\u00e3o e em ora\u00e7\u00e3o. Cremos que somos chamados para, em todas as situa\u00e7\u00f5es, compartilhar o amor e a gra\u00e7a de Deus. Assim, continuaremos servindo no Rio Grande do Sul e anunciando com palavras e atitudes que Jesus Transforma \u2013 defende a JMN.<\/p>\n","protected":false},"excerpt":{"rendered":"<p>A Junta de Miss\u00f5es Nacionais (JMN) desenvolve trabalho mission\u00e1rio em diversas cidades no Sul do pa\u00eds e tem vivenciado de perto a trag\u00e9dia que assola o Rio Grande do Sul. As a\u00e7\u00f5es est\u00e3o sendo realizadas em conjunto com a Conven\u00e7\u00e3o Batista Brasileira (CBB), a Conven\u00e7\u00e3o Batista do Rio Grande do Sul e a Conven\u00e7\u00e3o Batista [&hellip;]<\/p>\n","protected":false},"author":2,"featured_media":19481,"comment_status":"open","ping_status":"open","sticky":false,"template":"","format":"standard","meta":[],"categories":[5],"tags":[13],"_links":{"self":[{"href":"https:\/\/dgospel.com.br\/portal\/index.php\/wp-json\/wp\/v2\/posts\/19480"}],"collection":[{"href":"https:\/\/dgospel.com.br\/portal\/index.php\/wp-json\/wp\/v2\/posts"}],"about":[{"href":"https:\/\/dgospel.com.br\/portal\/index.php\/wp-json\/wp\/v2\/types\/post"}],"author":[{"embeddable":true,"href":"https:\/\/dgospel.com.br\/portal\/index.php\/wp-json\/wp\/v2\/users\/2"}],"replies":[{"embeddable":true,"href":"https:\/\/dgospel.com.br\/portal\/index.php\/wp-json\/wp\/v2\/comments?post=19480"}],"version-history":[{"count":1,"href":"https:\/\/dgospel.com.br\/portal\/index.php\/wp-json\/wp\/v2\/posts\/19480\/revisions"}],"predecessor-version":[{"id":19482,"href":"https:\/\/dgospel.com.br\/portal\/index.php\/wp-json\/wp\/v2\/posts\/19480\/revisions\/19482"}],"wp:featuredmedia":[{"embeddable":true,"href":"https:\/\/dgospel.com.br\/portal\/index.php\/wp-json\/wp\/v2\/media\/19481"}],"wp:attachment":[{"href":"https:\/\/dgospel.com.br\/portal\/index.php\/wp-json\/wp\/v2\/media?parent=19480"}],"wp:term":[{"taxonomy":"category","embeddable":true,"href":"https:\/\/dgospel.com.br\/portal\/index.php\/wp-json\/wp\/v2\/categories?post=19480"},{"taxonomy":"post_tag","embeddable":true,"href":"https:\/\/dgospel.com.br\/portal\/index.php\/wp-json\/wp\/v2\/tags?post=19480"}],"curies":[{"name":"wp","href":"https:\/\/api.w.org\/{rel}","templated":true}]}}