{"id":19486,"date":"2024-05-11T16:42:57","date_gmt":"2024-05-11T19:42:57","guid":{"rendered":"https:\/\/dgospel.com.br\/portal\/?p=19486"},"modified":"2024-05-11T16:42:59","modified_gmt":"2024-05-11T19:42:59","slug":"governador-wanderlei-barbosa-sanciona-data-base-dos-servidores-efetivos-e-comissionados","status":"publish","type":"post","link":"https:\/\/dgospel.com.br\/portal\/index.php\/2024\/05\/11\/governador-wanderlei-barbosa-sanciona-data-base-dos-servidores-efetivos-e-comissionados\/","title":{"rendered":"Governador Wanderlei Barbosa sanciona data-base dos servidores efetivos e comissionados"},"content":{"rendered":"\n<p>De autoria do Governo do Tocantins, as propostas que concedem&nbsp;<a href=\"https:\/\/www.to.gov.br\/secom\/noticias\/governador-wanderlei-barbosa-concede-data-base-de-371-aos-servidores-efetivos-e-comissionados\/27hfl1k2dz03\">reajustes de 3,71% na data-base de 2024<\/a>, para todas as categorias que comp\u00f5em o servi\u00e7o p\u00fablico do Executivo&nbsp; e os seus cargos comissionados, foram sancionadas pelo governador Wanderlei Barbosa. Os reajustes foram publicados no Di\u00e1rio Oficial do Estado (DOE) desta sexta-feira, 10.<\/p>\n\n\n\n<p>&#8220;\u00c9 com satisfa\u00e7\u00e3o que sanciono as leis que preveem o reajuste de 3,71% para os servidores p\u00fablicos, em conformidade com a infla\u00e7\u00e3o do ano anterior. Esse aumento est\u00e1 sendo distribu\u00eddo de maneira justa entre todas as carreiras dentro do Executivo estadual. Este \u00e9 o segundo ano consecutivo que o reajuste salarial tamb\u00e9m abrange os comissionados. Importante salientar que esta medida foi tomada levando em considera\u00e7\u00e3o as possibilidades or\u00e7ament\u00e1rias do Estado&#8221;, ressaltou o governador&nbsp; Wanderlei Barbosa.<\/p>\n\n\n\n<p><strong>Leis&nbsp;<\/strong><\/p>\n\n\n\n<p>As Medidas Provis\u00f3rias de n\u00b0 11 e n\u00b0 12 de 2024, elaboradas pela gest\u00e3o Wanderlei Barbosa, foram aprovadas pela Assembleia Legislativa do Tocantins (Aleto) nessa quarta-feira, 8, uma semana ap\u00f3s serem enviadas para aprecia\u00e7\u00e3o da Casa de Leis.&nbsp;<\/p>\n\n\n\n<p>Com a aprova\u00e7\u00e3o da Assembleia, o governador sancionou as medidas, transformando-as nas Leis de n\u00ba 4.398 e n\u00ba 4.399. Elas disp\u00f5em sobre a revis\u00e3o anual da remunera\u00e7\u00e3o dos servidores p\u00fablicos ativos, inativos e pensionistas da Administra\u00e7\u00e3o Direta e Indireta do Poder Executivo; e do reajuste aos servidores comissionados, respectivamente.<\/p>\n\n\n\n<p>O governador Wanderlei Barbosa afirma que as leis sancionadas, que preveem o reajuste de 3,71% para os servidores p\u00fablicos, est\u00e3o em conformidade com a infla\u00e7\u00e3o do ano anterior &#8211; Marcio Vieira\/Governo do Tocantins\u00a0<\/p>\n","protected":false},"excerpt":{"rendered":"<p>De autoria do Governo do Tocantins, as propostas que concedem&nbsp;reajustes de 3,71% na data-base de 2024, para todas as categorias que comp\u00f5em o servi\u00e7o p\u00fablico do Executivo&nbsp; e os seus cargos comissionados, foram sancionadas pelo governador Wanderlei Barbosa. Os reajustes foram publicados no Di\u00e1rio Oficial do Estado (DOE) desta sexta-feira, 10. &#8220;\u00c9 com satisfa\u00e7\u00e3o que [&hellip;]<\/p>\n","protected":false},"author":2,"featured_media":19487,"comment_status":"open","ping_status":"open","sticky":false,"template":"","format":"standard","meta":[],"categories":[3],"tags":[13],"_links":{"self":[{"href":"https:\/\/dgospel.com.br\/portal\/index.php\/wp-json\/wp\/v2\/posts\/19486"}],"collection":[{"href":"https:\/\/dgospel.com.br\/portal\/index.php\/wp-json\/wp\/v2\/posts"}],"about":[{"href":"https:\/\/dgospel.com.br\/portal\/index.php\/wp-json\/wp\/v2\/types\/post"}],"author":[{"embeddable":true,"href":"https:\/\/dgospel.com.br\/portal\/index.php\/wp-json\/wp\/v2\/users\/2"}],"replies":[{"embeddable":true,"href":"https:\/\/dgospel.com.br\/portal\/index.php\/wp-json\/wp\/v2\/comments?post=19486"}],"version-history":[{"count":1,"href":"https:\/\/dgospel.com.br\/portal\/index.php\/wp-json\/wp\/v2\/posts\/19486\/revisions"}],"predecessor-version":[{"id":19488,"href":"https:\/\/dgospel.com.br\/portal\/index.php\/wp-json\/wp\/v2\/posts\/19486\/revisions\/19488"}],"wp:featuredmedia":[{"embeddable":true,"href":"https:\/\/dgospel.com.br\/portal\/index.php\/wp-json\/wp\/v2\/media\/19487"}],"wp:attachment":[{"href":"https:\/\/dgospel.com.br\/portal\/index.php\/wp-json\/wp\/v2\/media?parent=19486"}],"wp:term":[{"taxonomy":"category","embeddable":true,"href":"https:\/\/dgospel.com.br\/portal\/index.php\/wp-json\/wp\/v2\/categories?post=19486"},{"taxonomy":"post_tag","embeddable":true,"href":"https:\/\/dgospel.com.br\/portal\/index.php\/wp-json\/wp\/v2\/tags?post=19486"}],"curies":[{"name":"wp","href":"https:\/\/api.w.org\/{rel}","templated":true}]}}