{"id":19489,"date":"2024-05-12T11:06:31","date_gmt":"2024-05-12T14:06:31","guid":{"rendered":"https:\/\/dgospel.com.br\/portal\/?p=19489"},"modified":"2024-05-12T11:27:08","modified_gmt":"2024-05-12T14:27:08","slug":"morre-a-deputada-amalia-barros-vice-presidente-do-pl-mulher","status":"publish","type":"post","link":"https:\/\/dgospel.com.br\/portal\/index.php\/2024\/05\/12\/morre-a-deputada-amalia-barros-vice-presidente-do-pl-mulher\/","title":{"rendered":"Morre a deputada Am\u00e1lia Barros, vice-presidente do PL Mulher"},"content":{"rendered":"\n<p>Morreu na madrugada deste domingo (12), a deputada federal Am\u00e1lia Barros (PL-MT), vice-presidente do PL Mulher. A morte foi divulgada pelas redes sociais da parlamentar.<\/p>\n\n\n\n<p>Am\u00e1lia estava internada desde o dia 1\u00b0 de maio para retirada de um n\u00f3dulo no p\u00e2ncreas. A deputada teve complica\u00e7\u00f5es e passou por quatro procedimentos m\u00e9dicos.<\/p>\n\n\n\n<p>Nascida em Mogi-Mirim, no interior de S\u00e3o Paulo, a parlamentar de 39 anos estava em seu primeiro mandato. Ela se tornou conhecida nacionalmente ap\u00f3s conseguir apoio para aprovar, antes mesmo de entrar para a pol\u00edtica, o projeto que deu base para a Lei n\u00ba 14.126\/2021, que classifica a vis\u00e3o monocular como defici\u00eancia sensorial.<\/p>\n\n\n\n<p>Am\u00e1lia perdeu \u00e0 vis\u00e3o aos 20 anos em decorr\u00eancia de toxoplasmose, infec\u00e7\u00e3o causada por um protozo\u00e1rio propagado por animais ou insetos. Ap\u00f3s 15 cirurgias, ela precisou retirar o olho em 2016 e passou a usar pr\u00f3tese.<\/p>\n\n\n\n<p>Sua hist\u00f3ria de vida serviu como inspira\u00e7\u00e3o para que ela entrasse na luta e conseguisse que as pessoas monoculares tivessem os mesmos direitos e benef\u00edcios previstos na legisla\u00e7\u00e3o para a pessoa com defici\u00eancia.<\/p>\n\n\n\n<p>Desde ent\u00e3o, ela abriu um instituto social, ajudou milhares de pessoas e lan\u00e7ou o livro Se Enxerga, onde conta sua emocionante trajet\u00f3ria de vida.<\/p>\n\n\n\n<p>Eleita em 2022 com 70 mil votos pelo Mato Grosso, Am\u00e1lia Barros se tornou presidente da Frente Parlamentar da Pessoa com Defici\u00eancia e assumiu a Comiss\u00e3o de Defesa dos Direitos das Pessoas com Defici\u00eancia (CPD), de Comunica\u00e7\u00e3o (CCOM) e a Comiss\u00e3o Externa de Interven\u00e7\u00e3o na Sa\u00fade P\u00fablica do Munic\u00edpio de Cuiab\u00e1 (MT).<\/p>\n\n\n\n<p>A deputada tamb\u00e9m \u00e9 vice-presidente nacional do PL Mulher, que tem como presidente a sua madrinha pol\u00edtica, a ex-primeira-dama Michelle Bolsonaro.<\/p>\n","protected":false},"excerpt":{"rendered":"<p>Morreu na madrugada deste domingo (12), a deputada federal Am\u00e1lia Barros (PL-MT), vice-presidente do PL Mulher. A morte foi divulgada pelas redes sociais da parlamentar. Am\u00e1lia estava internada desde o dia 1\u00b0 de maio para retirada de um n\u00f3dulo no p\u00e2ncreas. A deputada teve complica\u00e7\u00f5es e passou por quatro procedimentos m\u00e9dicos. Nascida em Mogi-Mirim, no [&hellip;]<\/p>\n","protected":false},"author":2,"featured_media":19490,"comment_status":"open","ping_status":"open","sticky":false,"template":"","format":"standard","meta":[],"categories":[10],"tags":[13],"_links":{"self":[{"href":"https:\/\/dgospel.com.br\/portal\/index.php\/wp-json\/wp\/v2\/posts\/19489"}],"collection":[{"href":"https:\/\/dgospel.com.br\/portal\/index.php\/wp-json\/wp\/v2\/posts"}],"about":[{"href":"https:\/\/dgospel.com.br\/portal\/index.php\/wp-json\/wp\/v2\/types\/post"}],"author":[{"embeddable":true,"href":"https:\/\/dgospel.com.br\/portal\/index.php\/wp-json\/wp\/v2\/users\/2"}],"replies":[{"embeddable":true,"href":"https:\/\/dgospel.com.br\/portal\/index.php\/wp-json\/wp\/v2\/comments?post=19489"}],"version-history":[{"count":1,"href":"https:\/\/dgospel.com.br\/portal\/index.php\/wp-json\/wp\/v2\/posts\/19489\/revisions"}],"predecessor-version":[{"id":19491,"href":"https:\/\/dgospel.com.br\/portal\/index.php\/wp-json\/wp\/v2\/posts\/19489\/revisions\/19491"}],"wp:featuredmedia":[{"embeddable":true,"href":"https:\/\/dgospel.com.br\/portal\/index.php\/wp-json\/wp\/v2\/media\/19490"}],"wp:attachment":[{"href":"https:\/\/dgospel.com.br\/portal\/index.php\/wp-json\/wp\/v2\/media?parent=19489"}],"wp:term":[{"taxonomy":"category","embeddable":true,"href":"https:\/\/dgospel.com.br\/portal\/index.php\/wp-json\/wp\/v2\/categories?post=19489"},{"taxonomy":"post_tag","embeddable":true,"href":"https:\/\/dgospel.com.br\/portal\/index.php\/wp-json\/wp\/v2\/tags?post=19489"}],"curies":[{"name":"wp","href":"https:\/\/api.w.org\/{rel}","templated":true}]}}