{"id":19495,"date":"2024-05-12T11:15:47","date_gmt":"2024-05-12T14:15:47","guid":{"rendered":"https:\/\/dgospel.com.br\/portal\/?p=19495"},"modified":"2024-05-12T11:15:49","modified_gmt":"2024-05-12T14:15:49","slug":"michelle-homenageia-amalia-barros-vou-te-amar-pra-sempre","status":"publish","type":"post","link":"https:\/\/dgospel.com.br\/portal\/index.php\/2024\/05\/12\/michelle-homenageia-amalia-barros-vou-te-amar-pra-sempre\/","title":{"rendered":"Michelle homenageia Am\u00e1lia Barros: \u201cVou te amar pra sempre\u201d"},"content":{"rendered":"\n<p>A ex-primeira dama Michelle Bolsonaro se pronunciou sobre a morte da deputada federal Am\u00e1lia Barros. Na manh\u00e3 deste domingo (12), Michelle postou um story no Instagram em que aparece em uma foto ao lado de Am\u00e1lia, que era vice-presidente do PL Mulher.<\/p>\n\n\n\n<p>\u2013 Vou te amar para sempre, minha amiga. Voc\u00ea est\u00e1 nos bra\u00e7os do Pai \u2013 escreveu.<\/p>\n\n\n\n<figure class=\"wp-block-image\"><img src=\"https:\/\/static.cdn.pleno.news\/2024\/05\/Captura-de-tela-2024-05-12-080940.png\" alt=\"\" class=\"wp-image-1320976\"\/><figcaption>Story de Michelle na manh\u00e3 deste domingo&nbsp;Foto: Reprodu\u00e7\u00e3o\/Instagram<\/figcaption><\/figure>\n\n\n\n<p>Desde que Am\u00e1lia foi internada para a realiza\u00e7\u00e3o de uma cirurgia no p\u00e2ncreas, em 1\u00ba de maio, Michelle vinha pedindo ora\u00e7\u00f5es pela amiga. Am\u00e1lia faleceu na madrugada deste domingo ap\u00f3s sofrer complica\u00e7\u00f5es do procedimento cir\u00fargico.<\/p>\n\n\n\n<p>Ainda no Instagram, Michelle postou em seu feed uma publica\u00e7\u00e3o feita em colabora\u00e7\u00e3o com Raquel Moreno, que \u00e9 surda e idealizadora de alguns projetos de lei.<\/p>\n\n\n\n<p>\u2013 Am\u00e1lia Barros, uma verdadeira guerreira das causas sociais e defensora incans\u00e1vel dos direitos das pessoas com defici\u00eancia, nos deixou, mas deixa um legado de luta, resili\u00eancia e esperan\u00e7a que transcender\u00e1 gera\u00e7\u00f5es \u2013 diz um trecho da legenda.<\/p>\n\n\n\n<blockquote class=\"wp-block-quote\"><p>&nbsp;Ver essa foto no Instagram<\/p><p>&nbsp;<\/p><p><a href=\"https:\/\/www.instagram.com\/p\/C625znructl\/?utm_source=ig_embed&amp;utm_campaign=loading\" target=\"_blank\" rel=\"noreferrer noopener\">Uma publica\u00e7\u00e3o compartilhada por Raquel Moreno (@raquelmorenooficial)<\/a><\/p><\/blockquote>\n","protected":false},"excerpt":{"rendered":"<p>A ex-primeira dama Michelle Bolsonaro se pronunciou sobre a morte da deputada federal Am\u00e1lia Barros. Na manh\u00e3 deste domingo (12), Michelle postou um story no Instagram em que aparece em uma foto ao lado de Am\u00e1lia, que era vice-presidente do PL Mulher. \u2013 Vou te amar para sempre, minha amiga. Voc\u00ea est\u00e1 nos bra\u00e7os do [&hellip;]<\/p>\n","protected":false},"author":2,"featured_media":19496,"comment_status":"open","ping_status":"open","sticky":false,"template":"","format":"standard","meta":[],"categories":[10],"tags":[],"_links":{"self":[{"href":"https:\/\/dgospel.com.br\/portal\/index.php\/wp-json\/wp\/v2\/posts\/19495"}],"collection":[{"href":"https:\/\/dgospel.com.br\/portal\/index.php\/wp-json\/wp\/v2\/posts"}],"about":[{"href":"https:\/\/dgospel.com.br\/portal\/index.php\/wp-json\/wp\/v2\/types\/post"}],"author":[{"embeddable":true,"href":"https:\/\/dgospel.com.br\/portal\/index.php\/wp-json\/wp\/v2\/users\/2"}],"replies":[{"embeddable":true,"href":"https:\/\/dgospel.com.br\/portal\/index.php\/wp-json\/wp\/v2\/comments?post=19495"}],"version-history":[{"count":1,"href":"https:\/\/dgospel.com.br\/portal\/index.php\/wp-json\/wp\/v2\/posts\/19495\/revisions"}],"predecessor-version":[{"id":19497,"href":"https:\/\/dgospel.com.br\/portal\/index.php\/wp-json\/wp\/v2\/posts\/19495\/revisions\/19497"}],"wp:featuredmedia":[{"embeddable":true,"href":"https:\/\/dgospel.com.br\/portal\/index.php\/wp-json\/wp\/v2\/media\/19496"}],"wp:attachment":[{"href":"https:\/\/dgospel.com.br\/portal\/index.php\/wp-json\/wp\/v2\/media?parent=19495"}],"wp:term":[{"taxonomy":"category","embeddable":true,"href":"https:\/\/dgospel.com.br\/portal\/index.php\/wp-json\/wp\/v2\/categories?post=19495"},{"taxonomy":"post_tag","embeddable":true,"href":"https:\/\/dgospel.com.br\/portal\/index.php\/wp-json\/wp\/v2\/tags?post=19495"}],"curies":[{"name":"wp","href":"https:\/\/api.w.org\/{rel}","templated":true}]}}