{"id":19501,"date":"2024-05-13T19:58:17","date_gmt":"2024-05-13T22:58:17","guid":{"rendered":"https:\/\/dgospel.com.br\/portal\/?p=19501"},"modified":"2024-05-13T19:58:19","modified_gmt":"2024-05-13T22:58:19","slug":"em-lizarda-governador-wanderlei-barbosa-prestigia-maior-evento-comemorativo-ao-dia-das-maes-do-estado","status":"publish","type":"post","link":"https:\/\/dgospel.com.br\/portal\/index.php\/2024\/05\/13\/em-lizarda-governador-wanderlei-barbosa-prestigia-maior-evento-comemorativo-ao-dia-das-maes-do-estado\/","title":{"rendered":"Em Lizarda, governador Wanderlei Barbosa prestigia maior evento comemorativo ao Dia das M\u00e3es do Estado"},"content":{"rendered":"\n<p>O governador do Tocantins, Wanderlei Barbosa, acompanhado&nbsp;da primeira-dama e secret\u00e1ria extraordin\u00e1ria de Participa\u00e7\u00f5es Sociais, Karynne Sotero, participou neste domingo, 12, das comemora\u00e7\u00f5es do Dia das M\u00e3es, em Lizarda. O chefe do Executivo esteve presente na festa organizada pelo munic\u00edpio, que contou com apoio do Governo do Tocantins, por meio da Secretaria de Estado do Turismo (Setur).&nbsp;Al\u00e9m de apresenta\u00e7\u00f5es culturais, o evento tamb\u00e9m contou com cavalgada, motocross, missa na Igreja da Matriz e festividades com sorteios e almo\u00e7o, no Centro de Refer\u00eancia de Assist\u00eancia Social (Cras) da cidade.<\/p>\n\n\n\n<p>\u201cM\u00e3e tem um lugar guardado no nosso cora\u00e7\u00e3o e n\u00f3s escolhemos comemorar esta data com o povo de Lizarda, nessa grande festa que homenageia todas as m\u00e3es da cidade e tamb\u00e9m de regi\u00f5es vizinhas\u201d, comentou o Governador ao agradecer o convite feito pela prefeita, professora Sussu.<\/p>\n\n\n\n<p>A festa do Dia das M\u00e3es faz parte do calend\u00e1rio de eventos de Lizarda, munic\u00edpio que fica no leste do Estado. \u201cEste ano, organizamos um grande momento que j\u00e1 virou tradi\u00e7\u00e3o na nossa cidade e que, hoje [domingo, 12], representa a maior festa de Dia das M\u00e3es do Tocantins. Para mim, \u00e9 uma honra, em raz\u00e3o disso, receber aqui para nos prestigiar o governador do Tocantins, Wanderlei Barbosa\u201d, afirmou a prefeita, professora Sussu, ao dar seguimento \u00e0s demais atividades da celebra\u00e7\u00e3o.<\/p>\n\n\n\n<p>A lizardense e m\u00e3e presente na festa, Maria Odete Batista Gama, agradeceu o empenho dos envolvidos na realiza\u00e7\u00e3o da grande celebra\u00e7\u00e3o. \u201c<em>T\u00f4<\/em>&nbsp;muito feliz e contente com essa festa que foi feita&nbsp;<em>pra&nbsp;<\/em>n\u00f3s, m\u00e3es. Muito boa!\u201d, comemorou a moradora.<\/p>\n\n\n\n<p>Rafaela Louren\u00e7o da Silva, \u00e9 de Santa Tereza do Tocantins, mas disse que n\u00e3o poderia perder as comemora\u00e7\u00f5es do Dia Das M\u00e3es de Lizarda. \u201cEu vim como m\u00e3e, porque soube que aqui seria a maior festa dos Dia das M\u00e3es do Brasil e adoraria que todas as m\u00e3es pudessem aproveitar essa magn\u00edfica festa que nos homenageia\u201d, afirmou a m\u00e3e, no evento realizado no Cras da cidade.\u00a0<\/p>\n\n\n\n<p><img src=\"https:\/\/central.to.gov.br\/image\/376549?w=670&amp;h=383\"><\/p>\n\n\n\n<p>Governador Wanderlei Barbosa acompanhou a grande festa que homenageia todas as m\u00e3es da cidade e tamb\u00e9m de regi\u00f5es vizinhas &#8211; Esequias Ara\u00fajo\/Governo do Tocantins\u00a0<\/p>\n\n\n\n<p><img src=\"https:\/\/central.to.gov.br\/image\/376554?w=670&amp;h=383\"><\/p>\n\n\n\n<p>Governador Wanderlei Barbosa e a primeira-dama Karynne Sotero foram recebidos na cidade &#8211; Esequias Ara\u00fajo\/Governo do Tocantins\u00a0<\/p>\n\n\n\n<p><img src=\"https:\/\/central.to.gov.br\/image\/376553?w=670&amp;h=383\"><\/p>\n\n\n\n<p>Professora Sussu, prefeita de Lizarda, agradece a presen\u00e7a do governador e popula\u00e7\u00e3o nas celebra\u00e7\u00f5es de Dia das M\u00e3es &#8211; Esequias Ara\u00fajo\/Governo do Tocantins\u00a0<\/p>\n\n\n\n<p><img src=\"https:\/\/central.to.gov.br\/image\/376555?w=670&amp;h=383\"><\/p>\n\n\n\n<p>A lizardense e m\u00e3e, Maria Odete Batista Gama, agradeceu o empenho dos envolvidos na realiza\u00e7\u00e3o da grande celebra\u00e7\u00e3o &#8211; Esequias Ara\u00fajo\/Governo do Tocantins\u00a0<\/p>\n\n\n\n<p><img src=\"https:\/\/central.to.gov.br\/image\/376548?w=670&amp;h=383\"><\/p>\n\n\n\n<p>Rafaela Louren\u00e7o da Silva, de Santa Tereza do Tocantins, disse que n\u00e3o poderia perder as comemora\u00e7\u00f5es do Dia das M\u00e3es de Lizarda &#8211; Esequias Ara\u00fajo\/Governo do Tocantins\u00a0<\/p>\n\n\n\n<p><img src=\"https:\/\/central.to.gov.br\/image\/376550?w=670&amp;h=383\"><\/p>\n\n\n\n<p>Al\u00e9m de apresenta\u00e7\u00f5es culturais, o evento tamb\u00e9m contou com cavalgada, motocross, missa na Igreja da Matriz e festividades &#8211; Esequias Ara\u00fajo\/Governo do Tocantins<\/p>\n","protected":false},"excerpt":{"rendered":"<p>O governador do Tocantins, Wanderlei Barbosa, acompanhado&nbsp;da primeira-dama e secret\u00e1ria extraordin\u00e1ria de Participa\u00e7\u00f5es Sociais, Karynne Sotero, participou neste domingo, 12, das comemora\u00e7\u00f5es do Dia das M\u00e3es, em Lizarda. O chefe do Executivo esteve presente na festa organizada pelo munic\u00edpio, que contou com apoio do Governo do Tocantins, por meio da Secretaria de Estado do Turismo [&hellip;]<\/p>\n","protected":false},"author":2,"featured_media":19502,"comment_status":"open","ping_status":"open","sticky":false,"template":"","format":"standard","meta":[],"categories":[3],"tags":[13],"_links":{"self":[{"href":"https:\/\/dgospel.com.br\/portal\/index.php\/wp-json\/wp\/v2\/posts\/19501"}],"collection":[{"href":"https:\/\/dgospel.com.br\/portal\/index.php\/wp-json\/wp\/v2\/posts"}],"about":[{"href":"https:\/\/dgospel.com.br\/portal\/index.php\/wp-json\/wp\/v2\/types\/post"}],"author":[{"embeddable":true,"href":"https:\/\/dgospel.com.br\/portal\/index.php\/wp-json\/wp\/v2\/users\/2"}],"replies":[{"embeddable":true,"href":"https:\/\/dgospel.com.br\/portal\/index.php\/wp-json\/wp\/v2\/comments?post=19501"}],"version-history":[{"count":1,"href":"https:\/\/dgospel.com.br\/portal\/index.php\/wp-json\/wp\/v2\/posts\/19501\/revisions"}],"predecessor-version":[{"id":19503,"href":"https:\/\/dgospel.com.br\/portal\/index.php\/wp-json\/wp\/v2\/posts\/19501\/revisions\/19503"}],"wp:featuredmedia":[{"embeddable":true,"href":"https:\/\/dgospel.com.br\/portal\/index.php\/wp-json\/wp\/v2\/media\/19502"}],"wp:attachment":[{"href":"https:\/\/dgospel.com.br\/portal\/index.php\/wp-json\/wp\/v2\/media?parent=19501"}],"wp:term":[{"taxonomy":"category","embeddable":true,"href":"https:\/\/dgospel.com.br\/portal\/index.php\/wp-json\/wp\/v2\/categories?post=19501"},{"taxonomy":"post_tag","embeddable":true,"href":"https:\/\/dgospel.com.br\/portal\/index.php\/wp-json\/wp\/v2\/tags?post=19501"}],"curies":[{"name":"wp","href":"https:\/\/api.w.org\/{rel}","templated":true}]}}