{"id":19510,"date":"2024-05-13T20:29:47","date_gmt":"2024-05-13T23:29:47","guid":{"rendered":"https:\/\/dgospel.com.br\/portal\/?p=19510"},"modified":"2024-05-13T20:29:49","modified_gmt":"2024-05-13T23:29:49","slug":"eduardo-bolsonaro-destina-r-1-milhao-em-emendas-parlamentares-ao-rs","status":"publish","type":"post","link":"https:\/\/dgospel.com.br\/portal\/index.php\/2024\/05\/13\/eduardo-bolsonaro-destina-r-1-milhao-em-emendas-parlamentares-ao-rs\/","title":{"rendered":"Eduardo Bolsonaro destina R$ 1 milh\u00e3o em emendas parlamentares ao RS"},"content":{"rendered":"\n<p>O deputado federal Eduardo Bolsonaro (PL-SP) informou que destinar\u00e1 o total de R$ 1 milh\u00e3o de suas emendas parlamentares individuais aos munic\u00edpios do Rio Grande do Sul que est\u00e3o inundados devido a um desastre clim\u00e1tico, o maior vivido pelo estado.<\/p>\n\n\n\n<p>De acordo com Eduardo, ele j\u00e1 havia se comprometido com R$ 500 mil em ato conjunto a outros parlamentares, at\u00e9 mesmo os que n\u00e3o foram eleitos pelo Rio Grande do Sul.<\/p>\n\n\n\n<p>O parlamentar, que representa S\u00e3o Paulo na C\u00e2mara dos Deputados, disse que seus eleitores paulistas entender\u00e3o sua atitude, uma vez que o valor seria destinado a a\u00e7\u00f5es para o estado pelo qual foi eleito.<\/p>\n\n\n\n<p>\u2013 Pois digo que destinarei R$ 1 milh\u00e3o para a reconstru\u00e7\u00e3o do RS. Meus eleitores paulistas, solid\u00e1rios que s\u00e3o, entender\u00e3o \u2013 escreveu em publica\u00e7\u00e3o na rede social X.<\/p>\n\n\n\n<figure class=\"wp-block-image\"><img src=\"https:\/\/static.cdn.pleno.news\/2024\/05\/Screenshot_1251.png\" alt=\"\" class=\"wp-image-1321661\"\/><\/figure>\n\n\n\n<p>Segundo dados da Defesa Civil do Rio Grande do Sul, morreram 147 pessoas devido ao desastre clim\u00e1tico. O estado ainda tem 127 pessoas desaparecidas. Entre desalojados e pessoas em abrigos j\u00e1 s\u00e3o mais de 538 mil.<\/p>\n\n\n\n<p><strong>AJUDE O RIO GRANDE DO SUL<\/strong><br>Com 85% de seus munic\u00edpios afetados pela calamidade clim\u00e1tica, o estado sulista sofre com severos estragos, e sua ajuda \u00e9 fundamental para que as v\u00edtimas possam recome\u00e7ar suas vidas. Uma das formas de fazer doa\u00e7\u00f5es \u00e9 o financiamento coletivo criado pelo influenciador Badin, o Colono. Voc\u00ea pode ajudar via Pix usando a chave enchentes@vakinha.com.br ou acesse a&nbsp;<a href=\"https:\/\/www.vakinha.com.br\/vaquinha\/a-maior-campanha-solidaria-do-rs\" target=\"_blank\" rel=\"noreferrer noopener\">Vakinha A Maior Campanha Solid\u00e1ria do RS<\/a>&nbsp;e deixe sua contribui\u00e7\u00e3o.<\/p>\n","protected":false},"excerpt":{"rendered":"<p>O deputado federal Eduardo Bolsonaro (PL-SP) informou que destinar\u00e1 o total de R$ 1 milh\u00e3o de suas emendas parlamentares individuais aos munic\u00edpios do Rio Grande do Sul que est\u00e3o inundados devido a um desastre clim\u00e1tico, o maior vivido pelo estado. De acordo com Eduardo, ele j\u00e1 havia se comprometido com R$ 500 mil em ato [&hellip;]<\/p>\n","protected":false},"author":2,"featured_media":19511,"comment_status":"open","ping_status":"open","sticky":false,"template":"","format":"standard","meta":[],"categories":[8],"tags":[],"_links":{"self":[{"href":"https:\/\/dgospel.com.br\/portal\/index.php\/wp-json\/wp\/v2\/posts\/19510"}],"collection":[{"href":"https:\/\/dgospel.com.br\/portal\/index.php\/wp-json\/wp\/v2\/posts"}],"about":[{"href":"https:\/\/dgospel.com.br\/portal\/index.php\/wp-json\/wp\/v2\/types\/post"}],"author":[{"embeddable":true,"href":"https:\/\/dgospel.com.br\/portal\/index.php\/wp-json\/wp\/v2\/users\/2"}],"replies":[{"embeddable":true,"href":"https:\/\/dgospel.com.br\/portal\/index.php\/wp-json\/wp\/v2\/comments?post=19510"}],"version-history":[{"count":1,"href":"https:\/\/dgospel.com.br\/portal\/index.php\/wp-json\/wp\/v2\/posts\/19510\/revisions"}],"predecessor-version":[{"id":19512,"href":"https:\/\/dgospel.com.br\/portal\/index.php\/wp-json\/wp\/v2\/posts\/19510\/revisions\/19512"}],"wp:featuredmedia":[{"embeddable":true,"href":"https:\/\/dgospel.com.br\/portal\/index.php\/wp-json\/wp\/v2\/media\/19511"}],"wp:attachment":[{"href":"https:\/\/dgospel.com.br\/portal\/index.php\/wp-json\/wp\/v2\/media?parent=19510"}],"wp:term":[{"taxonomy":"category","embeddable":true,"href":"https:\/\/dgospel.com.br\/portal\/index.php\/wp-json\/wp\/v2\/categories?post=19510"},{"taxonomy":"post_tag","embeddable":true,"href":"https:\/\/dgospel.com.br\/portal\/index.php\/wp-json\/wp\/v2\/tags?post=19510"}],"curies":[{"name":"wp","href":"https:\/\/api.w.org\/{rel}","templated":true}]}}