{"id":19513,"date":"2024-05-13T20:34:58","date_gmt":"2024-05-13T23:34:58","guid":{"rendered":"https:\/\/dgospel.com.br\/portal\/?p=19513"},"modified":"2024-05-13T20:35:00","modified_gmt":"2024-05-13T23:35:00","slug":"incendio-atinge-templo-de-igreja-batista-em-pernambuco","status":"publish","type":"post","link":"https:\/\/dgospel.com.br\/portal\/index.php\/2024\/05\/13\/incendio-atinge-templo-de-igreja-batista-em-pernambuco\/","title":{"rendered":"Inc\u00eandio atinge templo de igreja batista em Pernambuco"},"content":{"rendered":"\n<p>O templo da Primeira Igreja Batista em Porto de Galinhas, em Ipojuca (PE), pegou fogo. O inc\u00eandio ocorreu no \u00faltimo s\u00e1bado (11).<\/p>\n\n\n\n<p>Imagens que mostram o local destru\u00eddo pelas chamas foram compartilhadas nas redes sociais. Bancos e alguns instrumentos musicais foram danificados. N\u00e3o h\u00e1 v\u00edtimas.<\/p>\n\n\n\n<p>Segundo o site Portal de Prefeitura, o Corpo de Bombeiros Militar do Estado de Pernambuco disse ter sido acionado durante a manh\u00e3 do \u00faltimo s\u00e1bado para conter o inc\u00eandio. Em nota, a corpora\u00e7\u00e3o explicou que \u201ca igreja ficou aos cuidados da Defesa Civil para avaliar os danos estruturais\u201d.<\/p>\n\n\n\n<p>Nos stories do Instagram da igreja, \u00e9 poss\u00edvel ver que os membros realizaram um culto na \u00e1rea externa, neste domingo (12).<\/p>\n\n\n\n<p>O pastor Paulo Eudes, presidente da Conven\u00e7\u00e3o Batista de Pernambuco, gravou um v\u00eddeo e pediu ora\u00e7\u00f5es..<\/p>\n\n\n\n<p>\u2013 Precisamos orar um pouco mais, precisamos ser solid\u00e1rios e, dessa vez, com a Primeira Igreja Batista em Porto de Galinhas. N\u00f3s recebemos a not\u00edcia do inc\u00eandio que teve na igreja, viemos agora. S\u00e3o 23h e estamos aqui. J\u00e1 oramos com os irm\u00e3os. \u00c9 tempo de nos envolvermos um pouco mais nessa campanha de solidariedade a fim de que os batistas pernambucanos permane\u00e7am solid\u00e1rios diante da necessidade daquele que grita. A [primeira] igreja batista em Porto de Galinhas grita porque perdeu todo um patrim\u00f4nio. Vamos orar por esses irm\u00e3os e pedir a Deus que providencie m\u00f3veis \u2013 falou.<\/p>\n\n\n\n<figure class=\"wp-block-image\"><img src=\"https:\/\/static.cdn.pleno.news\/2024\/05\/Screenshot-11-1.png\" alt=\"\" class=\"wp-image-1321693\"\/><\/figure>\n\n\n\n<figure class=\"wp-block-image\"><img src=\"https:\/\/static.cdn.pleno.news\/2024\/05\/Screenshot-7-2.png\" alt=\"\" class=\"wp-image-1321651\"\/><\/figure>\n\n\n\n<figure class=\"wp-block-image\"><img src=\"https:\/\/static.cdn.pleno.news\/2024\/05\/Screenshot-8-2.png\" alt=\"\" class=\"wp-image-1321652\"\/><\/figure>\n\n\n\n<figure class=\"wp-block-image\"><img src=\"https:\/\/static.cdn.pleno.news\/2024\/05\/Screenshot-9-1.png\" alt=\"\" class=\"wp-image-1321653\"\/><\/figure>\n\n\n\n<p><\/p>\n","protected":false},"excerpt":{"rendered":"<p>O templo da Primeira Igreja Batista em Porto de Galinhas, em Ipojuca (PE), pegou fogo. O inc\u00eandio ocorreu no \u00faltimo s\u00e1bado (11). Imagens que mostram o local destru\u00eddo pelas chamas foram compartilhadas nas redes sociais. Bancos e alguns instrumentos musicais foram danificados. N\u00e3o h\u00e1 v\u00edtimas. Segundo o site Portal de Prefeitura, o Corpo de Bombeiros [&hellip;]<\/p>\n","protected":false},"author":2,"featured_media":19514,"comment_status":"open","ping_status":"open","sticky":false,"template":"","format":"standard","meta":[],"categories":[5],"tags":[],"_links":{"self":[{"href":"https:\/\/dgospel.com.br\/portal\/index.php\/wp-json\/wp\/v2\/posts\/19513"}],"collection":[{"href":"https:\/\/dgospel.com.br\/portal\/index.php\/wp-json\/wp\/v2\/posts"}],"about":[{"href":"https:\/\/dgospel.com.br\/portal\/index.php\/wp-json\/wp\/v2\/types\/post"}],"author":[{"embeddable":true,"href":"https:\/\/dgospel.com.br\/portal\/index.php\/wp-json\/wp\/v2\/users\/2"}],"replies":[{"embeddable":true,"href":"https:\/\/dgospel.com.br\/portal\/index.php\/wp-json\/wp\/v2\/comments?post=19513"}],"version-history":[{"count":1,"href":"https:\/\/dgospel.com.br\/portal\/index.php\/wp-json\/wp\/v2\/posts\/19513\/revisions"}],"predecessor-version":[{"id":19515,"href":"https:\/\/dgospel.com.br\/portal\/index.php\/wp-json\/wp\/v2\/posts\/19513\/revisions\/19515"}],"wp:featuredmedia":[{"embeddable":true,"href":"https:\/\/dgospel.com.br\/portal\/index.php\/wp-json\/wp\/v2\/media\/19514"}],"wp:attachment":[{"href":"https:\/\/dgospel.com.br\/portal\/index.php\/wp-json\/wp\/v2\/media?parent=19513"}],"wp:term":[{"taxonomy":"category","embeddable":true,"href":"https:\/\/dgospel.com.br\/portal\/index.php\/wp-json\/wp\/v2\/categories?post=19513"},{"taxonomy":"post_tag","embeddable":true,"href":"https:\/\/dgospel.com.br\/portal\/index.php\/wp-json\/wp\/v2\/tags?post=19513"}],"curies":[{"name":"wp","href":"https:\/\/api.w.org\/{rel}","templated":true}]}}