{"id":19516,"date":"2024-05-13T20:39:58","date_gmt":"2024-05-13T23:39:58","guid":{"rendered":"https:\/\/dgospel.com.br\/portal\/?p=19516"},"modified":"2024-05-13T20:39:59","modified_gmt":"2024-05-13T23:39:59","slug":"apos-criticar-bolsonaro-marina-agora-culpa-co2-pelo-caos-no-rs","status":"publish","type":"post","link":"https:\/\/dgospel.com.br\/portal\/index.php\/2024\/05\/13\/apos-criticar-bolsonaro-marina-agora-culpa-co2-pelo-caos-no-rs\/","title":{"rendered":"Ap\u00f3s criticar Bolsonaro, Marina agora culpa CO2 pelo caos no RS"},"content":{"rendered":"\n<p>A ministra do Meio Ambiente, Marina Silva, ap\u00f3s criticar o ex-presidente Jair Bolsonaro (PL) pelas enchentes no Rio Grande do Sul, alegando que o l\u00edder conservador nada fez em mat\u00e9ria de \u201cpol\u00edticas clim\u00e1ticas\u201d, agora diz que a culpa \u00e9 do excesso de di\u00f3xido de carbono (CO2) liberado na atmosfera.<\/p>\n\n\n\n<p>Para a ambientalista, o CO2 alterou a temperatura no planeta, provocando uma desregula\u00e7\u00e3o que culminou nesse caos vivenciado pelo Rio Grande do Sul.<\/p>\n\n\n\n<p>Marina disse que vem advertindo para a imin\u00eancia de desastres naturais.<\/p>\n\n\n\n<p>\u2013 Mas, infelizmente, a humanidade n\u00e3o foi capaz de ouvir os alertas que v\u00eam sendo dados h\u00e1 mais de 40 anos. Desde a Rio 92, a ci\u00eancia e os ambientalistas v\u00eam dizendo que era poss\u00edvel parar imediatamente com a grande quantidade de CO2, sen\u00e3o n\u00f3s ir\u00edamos ter essa situa\u00e7\u00e3o que n\u00f3s estamos vivendo.<\/p>\n\n\n\n<p><strong>AJUDE O RIO GRANDE DO SUL<\/strong><br>Com 85% de seus munic\u00edpios afetados pela calamidade clim\u00e1tica, o estado sulista sofre com severos estragos, e sua ajuda \u00e9 fundamental para que as v\u00edtimas possam recome\u00e7ar suas vidas. Uma das formas de fazer doa\u00e7\u00f5es \u00e9 o financiamento coletivo criado pelo influenciador Badin, o Colono. Voc\u00ea pode ajudar via Pix usando a chave enchentes@vakinha.com.br ou acesse a&nbsp;<a href=\"https:\/\/www.vakinha.com.br\/vaquinha\/a-maior-campanha-solidaria-do-rs\" target=\"_blank\" rel=\"noreferrer noopener\">Vakinha A Maior Campanha Solid\u00e1ria do RS<\/a>&nbsp;e deixe sua contribui\u00e7\u00e3o.<\/p>\n","protected":false},"excerpt":{"rendered":"<p>A ministra do Meio Ambiente, Marina Silva, ap\u00f3s criticar o ex-presidente Jair Bolsonaro (PL) pelas enchentes no Rio Grande do Sul, alegando que o l\u00edder conservador nada fez em mat\u00e9ria de \u201cpol\u00edticas clim\u00e1ticas\u201d, agora diz que a culpa \u00e9 do excesso de di\u00f3xido de carbono (CO2) liberado na atmosfera. Para a ambientalista, o CO2 alterou [&hellip;]<\/p>\n","protected":false},"author":2,"featured_media":19517,"comment_status":"open","ping_status":"open","sticky":false,"template":"","format":"standard","meta":[],"categories":[10],"tags":[],"_links":{"self":[{"href":"https:\/\/dgospel.com.br\/portal\/index.php\/wp-json\/wp\/v2\/posts\/19516"}],"collection":[{"href":"https:\/\/dgospel.com.br\/portal\/index.php\/wp-json\/wp\/v2\/posts"}],"about":[{"href":"https:\/\/dgospel.com.br\/portal\/index.php\/wp-json\/wp\/v2\/types\/post"}],"author":[{"embeddable":true,"href":"https:\/\/dgospel.com.br\/portal\/index.php\/wp-json\/wp\/v2\/users\/2"}],"replies":[{"embeddable":true,"href":"https:\/\/dgospel.com.br\/portal\/index.php\/wp-json\/wp\/v2\/comments?post=19516"}],"version-history":[{"count":1,"href":"https:\/\/dgospel.com.br\/portal\/index.php\/wp-json\/wp\/v2\/posts\/19516\/revisions"}],"predecessor-version":[{"id":19518,"href":"https:\/\/dgospel.com.br\/portal\/index.php\/wp-json\/wp\/v2\/posts\/19516\/revisions\/19518"}],"wp:featuredmedia":[{"embeddable":true,"href":"https:\/\/dgospel.com.br\/portal\/index.php\/wp-json\/wp\/v2\/media\/19517"}],"wp:attachment":[{"href":"https:\/\/dgospel.com.br\/portal\/index.php\/wp-json\/wp\/v2\/media?parent=19516"}],"wp:term":[{"taxonomy":"category","embeddable":true,"href":"https:\/\/dgospel.com.br\/portal\/index.php\/wp-json\/wp\/v2\/categories?post=19516"},{"taxonomy":"post_tag","embeddable":true,"href":"https:\/\/dgospel.com.br\/portal\/index.php\/wp-json\/wp\/v2\/tags?post=19516"}],"curies":[{"name":"wp","href":"https:\/\/api.w.org\/{rel}","templated":true}]}}