{"id":19519,"date":"2024-05-13T20:41:49","date_gmt":"2024-05-13T23:41:49","guid":{"rendered":"https:\/\/dgospel.com.br\/portal\/?p=19519"},"modified":"2024-05-13T20:41:51","modified_gmt":"2024-05-13T23:41:51","slug":"argentina-envia-mais-militares-para-ajudar-nos-trabalhos-no-rs","status":"publish","type":"post","link":"https:\/\/dgospel.com.br\/portal\/index.php\/2024\/05\/13\/argentina-envia-mais-militares-para-ajudar-nos-trabalhos-no-rs\/","title":{"rendered":"Argentina envia mais militares para ajudar nos trabalhos no RS"},"content":{"rendered":"\n<p>O Minist\u00e9rio da Defesa da Argentina publicou, nesta segunda-feira (13), no Di\u00e1rio Oficial, uma resolu\u00e7\u00e3o que autoriza o envio de militares para ajudarem nos trabalhos humanit\u00e1rios no Rio Grande do Sul.<\/p>\n\n\n\n<p>De acordo com a r\u00e1dio argentina Dos, a autoriza\u00e7\u00e3o responde a um pedido feito pelo governador Eduardo Leite (PSDB) que pediu refor\u00e7os diante \u201cda magnitude do desastre hidrometeorol\u00f3gico que atravessa a Rep\u00fablica Federativa do Brasil, dos danos estruturais e do n\u00famero das pessoas afetadas\u201d.<\/p>\n\n\n\n<p>Leite pediu \u00e0 comiss\u00e3o dos Capacetes Brancos que colaborasse no resgate de pessoas, log\u00edstica e gest\u00e3o de abrigos e o embaixador extraordin\u00e1rio dos Capacetes Brancos, Luis Porreti, permitiu a sa\u00edda do Pessoal Militar para colaborar no Brasil.<\/p>\n\n\n\n<p>De acordo com a lista divulgada pelo Governo argentino, s\u00e3o oito militares que ser\u00e3o enviados ao Brasil: Luc\u00eda Candela Mu\u00f1oz; Renzo Marcelo Fern\u00e1ndez; Enrique Nicol\u00e1s Rodr\u00edguez; Franco Emanuel Gonz\u00e1lez; Javier Feliciano Bravo; Gabriel Hern\u00e1n Tolaba; Sergio Nicol\u00e1s N\u00fa\u00f1ez; e Jorge Salvador Ponce.<\/p>\n\n\n\n<p>Essa n\u00e3o \u00e9 a primeira ajuda do pa\u00eds vizinho, a Argentina enviou no dia 9 de maio um avi\u00e3o H\u00e9rcules C-130 da Aeron\u00e1utica, carregado com duas esta\u00e7\u00f5es de purifica\u00e7\u00e3o de \u00e1gua e pessoal para oper\u00e1-las. Tamb\u00e9m na semana passada, foram autorizados 20 efetivos e caninos da Pol\u00edcia Federal argentina.<\/p>\n\n\n\n<p>A governo de Javier Milei tamb\u00e9m mandou para o estado ga\u00facho especialistas em log\u00edstica da Comiss\u00e3o dos Capacetes Brancos, um avi\u00e3o para transporte de pessoas e cargas, pastilhas de purifica\u00e7\u00e3o de \u00e1gua, tr\u00eas helic\u00f3pteros para transfer\u00eancia e evacua\u00e7\u00f5es e duas esta\u00e7\u00f5es de purifica\u00e7\u00e3o de \u00e1gua, uma equipe m\u00f3vel com pessoal de sa\u00fade, mergulhadores t\u00e1ticos da Marinha Argentina e unidades de engenharia com barcos.<\/p>\n","protected":false},"excerpt":{"rendered":"<p>O Minist\u00e9rio da Defesa da Argentina publicou, nesta segunda-feira (13), no Di\u00e1rio Oficial, uma resolu\u00e7\u00e3o que autoriza o envio de militares para ajudarem nos trabalhos humanit\u00e1rios no Rio Grande do Sul. De acordo com a r\u00e1dio argentina Dos, a autoriza\u00e7\u00e3o responde a um pedido feito pelo governador Eduardo Leite (PSDB) que pediu refor\u00e7os diante \u201cda [&hellip;]<\/p>\n","protected":false},"author":2,"featured_media":19520,"comment_status":"open","ping_status":"open","sticky":false,"template":"","format":"standard","meta":[],"categories":[16],"tags":[],"_links":{"self":[{"href":"https:\/\/dgospel.com.br\/portal\/index.php\/wp-json\/wp\/v2\/posts\/19519"}],"collection":[{"href":"https:\/\/dgospel.com.br\/portal\/index.php\/wp-json\/wp\/v2\/posts"}],"about":[{"href":"https:\/\/dgospel.com.br\/portal\/index.php\/wp-json\/wp\/v2\/types\/post"}],"author":[{"embeddable":true,"href":"https:\/\/dgospel.com.br\/portal\/index.php\/wp-json\/wp\/v2\/users\/2"}],"replies":[{"embeddable":true,"href":"https:\/\/dgospel.com.br\/portal\/index.php\/wp-json\/wp\/v2\/comments?post=19519"}],"version-history":[{"count":1,"href":"https:\/\/dgospel.com.br\/portal\/index.php\/wp-json\/wp\/v2\/posts\/19519\/revisions"}],"predecessor-version":[{"id":19521,"href":"https:\/\/dgospel.com.br\/portal\/index.php\/wp-json\/wp\/v2\/posts\/19519\/revisions\/19521"}],"wp:featuredmedia":[{"embeddable":true,"href":"https:\/\/dgospel.com.br\/portal\/index.php\/wp-json\/wp\/v2\/media\/19520"}],"wp:attachment":[{"href":"https:\/\/dgospel.com.br\/portal\/index.php\/wp-json\/wp\/v2\/media?parent=19519"}],"wp:term":[{"taxonomy":"category","embeddable":true,"href":"https:\/\/dgospel.com.br\/portal\/index.php\/wp-json\/wp\/v2\/categories?post=19519"},{"taxonomy":"post_tag","embeddable":true,"href":"https:\/\/dgospel.com.br\/portal\/index.php\/wp-json\/wp\/v2\/tags?post=19519"}],"curies":[{"name":"wp","href":"https:\/\/api.w.org\/{rel}","templated":true}]}}