{"id":1952,"date":"2018-11-28T10:19:20","date_gmt":"2018-11-28T12:19:20","guid":{"rendered":"http:\/\/dgospel.com.br\/portal\/?p=1952"},"modified":"2018-11-28T10:19:20","modified_gmt":"2018-11-28T12:19:20","slug":"governador-empossa-novos-titulares-da-policia-civil","status":"publish","type":"post","link":"https:\/\/dgospel.com.br\/portal\/index.php\/2018\/11\/28\/governador-empossa-novos-titulares-da-policia-civil\/","title":{"rendered":"Governador empossa novos titulares da Pol\u00edcia Civil"},"content":{"rendered":"<p>O governador Mauro Carlesse empossou, na manh\u00e3 desta ter\u00e7a-feira, 27, Ross\u00edlio Souza Correia como delegado-geral da Pol\u00edcia Civil e Raimundo Cl\u00e1udio Batista como diretor de Pol\u00edcia Civil de Palmas. Na oportunidade, foi empossado tamb\u00e9m Marcelo Falc\u00e3o como o subsecret\u00e1rio da pasta da Seguran\u00e7a P\u00fablica do Estado do Tocantins.<\/p>\n<p>O ato contou com a presen\u00e7a do secret\u00e1rio de Estado da Seguran\u00e7a P\u00fablica, Heber Luiz Fernandes Fidelis. O governador destacou a import\u00e2ncia do trabalho da Pol\u00edcia Civil no contexto da seguran\u00e7a p\u00fablica e desejou sucesso a cada um dos empossados. \u201cA seguran\u00e7a p\u00fablica \u00e9 uma das nossas prioridades e desejamos sucesso a cada um voc\u00eas no exerc\u00edcio das suas atividades\u201d.<\/p>\n","protected":false},"excerpt":{"rendered":"<p>O governador Mauro Carlesse empossou, na manh\u00e3 desta ter\u00e7a-feira, 27, Ross\u00edlio Souza Correia como delegado-geral da Pol\u00edcia Civil e Raimundo Cl\u00e1udio Batista como diretor de Pol\u00edcia Civil de Palmas. Na oportunidade, foi empossado tamb\u00e9m Marcelo Falc\u00e3o como o subsecret\u00e1rio da pasta da Seguran\u00e7a P\u00fablica do Estado do Tocantins. O ato contou com a presen\u00e7a do [&hellip;]<\/p>\n","protected":false},"author":2,"featured_media":1953,"comment_status":"open","ping_status":"open","sticky":false,"template":"","format":"standard","meta":[],"categories":[2,3],"tags":[],"_links":{"self":[{"href":"https:\/\/dgospel.com.br\/portal\/index.php\/wp-json\/wp\/v2\/posts\/1952"}],"collection":[{"href":"https:\/\/dgospel.com.br\/portal\/index.php\/wp-json\/wp\/v2\/posts"}],"about":[{"href":"https:\/\/dgospel.com.br\/portal\/index.php\/wp-json\/wp\/v2\/types\/post"}],"author":[{"embeddable":true,"href":"https:\/\/dgospel.com.br\/portal\/index.php\/wp-json\/wp\/v2\/users\/2"}],"replies":[{"embeddable":true,"href":"https:\/\/dgospel.com.br\/portal\/index.php\/wp-json\/wp\/v2\/comments?post=1952"}],"version-history":[{"count":1,"href":"https:\/\/dgospel.com.br\/portal\/index.php\/wp-json\/wp\/v2\/posts\/1952\/revisions"}],"predecessor-version":[{"id":1954,"href":"https:\/\/dgospel.com.br\/portal\/index.php\/wp-json\/wp\/v2\/posts\/1952\/revisions\/1954"}],"wp:featuredmedia":[{"embeddable":true,"href":"https:\/\/dgospel.com.br\/portal\/index.php\/wp-json\/wp\/v2\/media\/1953"}],"wp:attachment":[{"href":"https:\/\/dgospel.com.br\/portal\/index.php\/wp-json\/wp\/v2\/media?parent=1952"}],"wp:term":[{"taxonomy":"category","embeddable":true,"href":"https:\/\/dgospel.com.br\/portal\/index.php\/wp-json\/wp\/v2\/categories?post=1952"},{"taxonomy":"post_tag","embeddable":true,"href":"https:\/\/dgospel.com.br\/portal\/index.php\/wp-json\/wp\/v2\/tags?post=1952"}],"curies":[{"name":"wp","href":"https:\/\/api.w.org\/{rel}","templated":true}]}}